{"id":149030,"date":"2020-01-25T07:12:36","date_gmt":"2020-01-25T10:12:36","guid":{"rendered":"http:\/\/www.caririemacao.com\/1\/?p=149030"},"modified":"2020-01-25T07:12:37","modified_gmt":"2020-01-25T10:12:37","slug":"vaqueiros-recebem-bencao-na-tradicional-vaquejada-de-sume-veja-fotos","status":"publish","type":"post","link":"https:\/\/www.caririemacao.com\/1\/2020\/01\/25\/vaqueiros-recebem-bencao-na-tradicional-vaquejada-de-sume-veja-fotos\/","title":{"rendered":"Vaqueiros recebem ben\u00e7\u00e3o na tradicional Vaquejada de Sum\u00e9; VEJA FOTOS"},"content":{"rendered":"\n<p>Como manda a tradi\u00e7\u00e3o iniciada, antes da abertura oficial da Vaquejada do Parque Haras Vila Cowtry, na cidade Sum\u00e9, centenas de pessoas acompanharam a b\u00ean\u00e7\u00e3o dos vaqueiros e vaqueiras carregando a imagem de Nossa Senhora Aparecida, onde o padre Naelson deu a ben\u00e7\u00e3o aos vaqueiros. A ben\u00e7\u00e3o ocorreu na tarde dessa sexta-feira dia (24), aben\u00e7oando a grande e Vaquejada da cidade de Sum\u00e9, que teve in\u00edcio nessa \u00faltima quinta-feira, dia (23). <\/p>\n\n\n\n<figure class=\"wp-block-image size-large\"><img fetchpriority=\"high\" decoding=\"async\" width=\"1024\" height=\"683\" src=\"http:\/\/www.caririemacao.com\/1\/wp-content\/uploads\/2020\/01\/DSC_3846-1024x683.jpg\" alt=\"\" class=\"wp-image-149032\" srcset=\"https:\/\/www.caririemacao.com\/1\/wp-content\/uploads\/2020\/01\/DSC_3846-1024x683.jpg 1024w, https:\/\/www.caririemacao.com\/1\/wp-content\/uploads\/2020\/01\/DSC_3846-300x200.jpg 300w, https:\/\/www.caririemacao.com\/1\/wp-content\/uploads\/2020\/01\/DSC_3846-768x512.jpg 768w, https:\/\/www.caririemacao.com\/1\/wp-content\/uploads\/2020\/01\/DSC_3846-1536x1024.jpg 1536w, https:\/\/www.caririemacao.com\/1\/wp-content\/uploads\/2020\/01\/DSC_3846.jpg 1600w\" sizes=\"(max-width: 1024px) 100vw, 1024px\" \/><\/figure>\n\n\n\n<p>Ainda na b\u00ean\u00e7\u00e3o, o padre Naelson pediu para que os vaqueiros participem da competi\u00e7\u00e3o seguindo a tradi\u00e7\u00e3o de paz e alegria. \u201c\u00c9 uma forma de proteger os vaqueiros durante a brincadeira da vaquejada\u201d, afirmou o padre, que mais um ano celebrava a b\u00ean\u00e7\u00e3o do evento, que segue at\u00e9 domingo, dia 26\/01.<\/p>\n\n\n\n<figure class=\"wp-block-image size-large\"><img decoding=\"async\" width=\"1024\" height=\"683\" data-src=\"http:\/\/www.caririemacao.com\/1\/wp-content\/uploads\/2020\/01\/DSC_3875-1024x683.jpg\" alt=\"\" class=\"wp-image-149033 lazyload\" data-srcset=\"https:\/\/www.caririemacao.com\/1\/wp-content\/uploads\/2020\/01\/DSC_3875-1024x683.jpg 1024w, https:\/\/www.caririemacao.com\/1\/wp-content\/uploads\/2020\/01\/DSC_3875-300x200.jpg 300w, https:\/\/www.caririemacao.com\/1\/wp-content\/uploads\/2020\/01\/DSC_3875-768x512.jpg 768w, https:\/\/www.caririemacao.com\/1\/wp-content\/uploads\/2020\/01\/DSC_3875-1536x1024.jpg 1536w, https:\/\/www.caririemacao.com\/1\/wp-content\/uploads\/2020\/01\/DSC_3875.jpg 1600w\" data-sizes=\"(max-width: 1024px) 100vw, 1024px\" src=\"data:image\/svg+xml;base64,PHN2ZyB3aWR0aD0iMSIgaGVpZ2h0PSIxIiB4bWxucz0iaHR0cDovL3d3dy53My5vcmcvMjAwMC9zdmciPjwvc3ZnPg==\" style=\"--smush-placeholder-width: 1024px; --smush-placeholder-aspect-ratio: 1024\/683;\" \/><\/figure>\n\n\n\n<p>A vaquejada tem um valor estipulado em 155 mil reais em pr\u00eamios, distribu\u00eddos em diversas categorias. O respons\u00e1vel por esse grande evento \u00e9 conhecido &#8220;Macarr\u00e3o&#8221; que disse que a cada ano busca melhorar e agradar tanto os vaqueiros, quanto o p\u00fablico de um modo geral. E isso foi bastante not\u00e1vel, em uma pequena caminhada pelo local do evento. <\/p>\n\n\n\n<figure class=\"wp-block-image size-large\"><img decoding=\"async\" width=\"1024\" height=\"683\" data-src=\"http:\/\/www.caririemacao.com\/1\/wp-content\/uploads\/2020\/01\/DSC_3829-1024x683.jpg\" alt=\"\" class=\"wp-image-149034 lazyload\" data-srcset=\"https:\/\/www.caririemacao.com\/1\/wp-content\/uploads\/2020\/01\/DSC_3829-1024x683.jpg 1024w, https:\/\/www.caririemacao.com\/1\/wp-content\/uploads\/2020\/01\/DSC_3829-300x200.jpg 300w, https:\/\/www.caririemacao.com\/1\/wp-content\/uploads\/2020\/01\/DSC_3829-768x512.jpg 768w, https:\/\/www.caririemacao.com\/1\/wp-content\/uploads\/2020\/01\/DSC_3829-1536x1024.jpg 1536w, https:\/\/www.caririemacao.com\/1\/wp-content\/uploads\/2020\/01\/DSC_3829.jpg 1600w\" data-sizes=\"(max-width: 1024px) 100vw, 1024px\" src=\"data:image\/svg+xml;base64,PHN2ZyB3aWR0aD0iMSIgaGVpZ2h0PSIxIiB4bWxucz0iaHR0cDovL3d3dy53My5vcmcvMjAwMC9zdmciPjwvc3ZnPg==\" style=\"--smush-placeholder-width: 1024px; --smush-placeholder-aspect-ratio: 1024\/683;\" \/><\/figure>\n\n\n\n<p>A Vaquejada que faz parte do circuito PE\/PB conta com a participa\u00e7\u00e3o de vaqueiros e empres\u00e1rios de toda a regi\u00e3o. Conhecida como uma das maiores vaquejadas do Nordeste, a vaquejada de Macarr\u00e3o vem crescendo e surpreendendo cada vez mais a cada edi\u00e7\u00e3o. Contando sempre com um grande estrutura e um p\u00fablico cada vez maior, tanto nos shows, quanto acompanhando a vaquejada.<\/p>\n\n\n\n<p><a href=\"https:\/\/www.facebook.com\/pg\/CaririEmAcao\/photos\/?tab=album&amp;album_id=1790186017784080\">CLIQUE AQUI E VEJA TODAS AS FOTOS<\/a><\/p>\n\n\n\n<figure class=\"wp-block-embed\"><div class=\"wp-block-embed__wrapper\">\n<div class=\"ose- ose-uid-8b7eb534a76a32882f6d16351fe14e43 ose-embedpress-responsive\" style=\"width:600px; height:550px; max-height:550px; max-width:100%; display:inline-block;\" data-embed-type=\"Facebook\"><iframe allowFullScreen=\"true\" class=\"embera-facebook-iframe-20d65 lazyload\" data-src=\"https:\/\/www.facebook.com\/plugins\/post.php?href=https%3A%2F%2Fwww.facebook.com%2Fpg%2FCaririEmAcao%2Fphotos%2F%3Ftab%3Dalbum%26%23038%3Balbum_id%3D1790186017784080&width=600&height=550&show_text=true\" width=\"600\" height=\"550\" style=\"border:none;overflow:hidden\" scrolling=\"no\" frameborder=\"0\" allowTransparency=\"true\" src=\"data:image\/svg+xml;base64,PHN2ZyB3aWR0aD0iMSIgaGVpZ2h0PSIxIiB4bWxucz0iaHR0cDovL3d3dy53My5vcmcvMjAwMC9zdmciPjwvc3ZnPg==\" data-load-mode=\"1\"><\/iframe><\/div>\n<\/div><\/figure>\n","protected":false},"excerpt":{"rendered":"<p>Como manda a tradi\u00e7\u00e3o iniciada, antes da abertura oficial da Vaquejada do Parque Haras Vila Cowtry, na cidade Sum\u00e9, centenas de pessoas acompanharam a b\u00ean\u00e7\u00e3o&hellip; <\/p>\n","protected":false},"author":1,"featured_media":149031,"comment_status":"closed","ping_status":"closed","sticky":false,"template":"","format":"standard","meta":{"sfsi_plus_gutenberg_text_before_share":"","sfsi_plus_gutenberg_show_text_before_share":"","sfsi_plus_gutenberg_icon_type":"","sfsi_plus_gutenberg_icon_alignemt":"","sfsi_plus_gutenburg_max_per_row":"","footnotes":""},"categories":[6,50],"tags":[],"class_list":["post-149030","post","type-post","status-publish","format-standard","has-post-thumbnail","hentry","category-cidades","category-destaque"],"_links":{"self":[{"href":"https:\/\/www.caririemacao.com\/1\/wp-json\/wp\/v2\/posts\/149030","targetHints":{"allow":["GET"]}}],"collection":[{"href":"https:\/\/www.caririemacao.com\/1\/wp-json\/wp\/v2\/posts"}],"about":[{"href":"https:\/\/www.caririemacao.com\/1\/wp-json\/wp\/v2\/types\/post"}],"author":[{"embeddable":true,"href":"https:\/\/www.caririemacao.com\/1\/wp-json\/wp\/v2\/users\/1"}],"replies":[{"embeddable":true,"href":"https:\/\/www.caririemacao.com\/1\/wp-json\/wp\/v2\/comments?post=149030"}],"version-history":[{"count":1,"href":"https:\/\/www.caririemacao.com\/1\/wp-json\/wp\/v2\/posts\/149030\/revisions"}],"predecessor-version":[{"id":149035,"href":"https:\/\/www.caririemacao.com\/1\/wp-json\/wp\/v2\/posts\/149030\/revisions\/149035"}],"wp:featuredmedia":[{"embeddable":true,"href":"https:\/\/www.caririemacao.com\/1\/wp-json\/wp\/v2\/media\/149031"}],"wp:attachment":[{"href":"https:\/\/www.caririemacao.com\/1\/wp-json\/wp\/v2\/media?parent=149030"}],"wp:term":[{"taxonomy":"category","embeddable":true,"href":"https:\/\/www.caririemacao.com\/1\/wp-json\/wp\/v2\/categories?post=149030"},{"taxonomy":"post_tag","embeddable":true,"href":"https:\/\/www.caririemacao.com\/1\/wp-json\/wp\/v2\/tags?post=149030"}],"curies":[{"name":"wp","href":"https:\/\/api.w.org\/{rel}","templated":true}]}}