{"id":149041,"date":"2020-01-25T07:45:41","date_gmt":"2020-01-25T10:45:41","guid":{"rendered":"http:\/\/www.caririemacao.com\/1\/?p=149041"},"modified":"2020-01-25T07:45:42","modified_gmt":"2020-01-25T10:45:42","slug":"stj-suspende-acao-penal-contra-ex-presidente-temer-por-lavagem-de-dinheiro","status":"publish","type":"post","link":"https:\/\/www.caririemacao.com\/1\/2020\/01\/25\/stj-suspende-acao-penal-contra-ex-presidente-temer-por-lavagem-de-dinheiro\/","title":{"rendered":"STJ suspende a\u00e7\u00e3o penal contra ex-presidente Temer por lavagem de dinheiro"},"content":{"rendered":"\n<p>A\u00e7\u00e3o tramita na Justi\u00e7a Federal de SP. Processo fica parado at\u00e9 STJ decidir se pode tramitar junto a outro, de Bras\u00edlia, que liga Temer ao chamado &#8216;quadrilh\u00e3o do MDB&#8217;; Temer nega ambas as acusa\u00e7\u00f5es.<\/p>\n\n\n\n<p>O presidente do Superior Tribunal de Justi\u00e7a (STJ), Jo\u00e3o Ot\u00e1vio de Noronha, suspendeu a tramita\u00e7\u00e3o de uma a\u00e7\u00e3o penal em S\u00e3o Paulo na qual o ex-presidente Michel Temer \u00e9 acusado de lavagem de dinheiro.<\/p>\n\n\n\n<p>O processo vai ficar parado at\u00e9 que a Quinta Turma do tribunal decida se esse processo pode se juntar a outro, que tramita na Justi\u00e7a Federal de Bras\u00edlia. Nesse, Temer \u00e9 acusado de participar do chamado &#8220;quadrilh\u00e3o do MDB&#8221; (veja detalhes abaixo). Nos dois processos, o ex-presidente nega as acusa\u00e7\u00f5es.<\/p>\n\n\n\n<p>A defesa de Temer defende que as a\u00e7\u00f5es tramitem em conjunto, num mesmo tribunal, j\u00e1 que as acusa\u00e7\u00f5es feitas pelo Minist\u00e9rio P\u00fablico no processo do &#8220;quadrilh\u00e3o&#8221; est\u00e3o relacionadas \u00e0s do outro processo.<\/p>\n\n\n\n<p>Na an\u00e1lise em primeira inst\u00e2ncia, a Justi\u00e7a Federal em S\u00e3o Paulo concordou com a reuni\u00e3o dos processos. Disse que, como h\u00e1 conex\u00e3o entre os crimes apontados, uma decis\u00e3o tomada em Bras\u00edlia poderia afetar o processo que tramita na capital paulista.<\/p>\n\n\n\n<p>Os procuradores que atuam no caso recorreram da decis\u00e3o, e o Tribunal Regional da 3\u00aa Regi\u00e3o (TRF-3) decidiu manter a divis\u00e3o dos processos em varas distintas. Os advogados de Temer, ent\u00e3o, recorreram ao STJ para restaurar o entendimento da primeira inst\u00e2ncia.<\/p>\n\n\n\n<p>Ao conceder a decis\u00e3o liminar (provis\u00f3ria), o presidente do STJ, ministro Jo\u00e3o Ot\u00e1vio de Noronha, disse entender que a decis\u00e3o do TRF-3 era ilegal e poderia prejudicar a defesa de Temer.<\/p>\n\n\n\n<p>&#8220;Havendo certa rela\u00e7\u00e3o de depend\u00eancia entre os delitos apurados em um e outro Ju\u00edzo, \u00e9 muito prov\u00e1vel que a defesa encontre dificuldades para articular seus argumentos e provas, al\u00e9m do (forte) risco de haver decis\u00f5es opostas e at\u00e9 mesmo contradit\u00f3rias em virtude da interpreta\u00e7\u00e3o e subjetividade dos magistrados respons\u00e1veis pela condu\u00e7\u00e3o dos processos&#8221;, afirmou o ministro.<\/p>\n\n\n\n<p><strong>Do que tratam os processos?<\/strong><br><\/p>\n\n\n\n<p>O processo sobre lavagem de dinheiro tramita na 6\u00aa Vara Criminal Federal de S\u00e3o Paulo, e trata do pagamento de R$ 1,6 milh\u00e3o pela reforma na casa de uma das filhas do ex-presidente, Maristela Temer \u2013 ela tamb\u00e9m foi denunciada pelo MP. O pagamento teria sido intermediado pelo coronel Jo\u00e3o Baptista Lima Filho, amigo de Temer.<\/p>\n\n\n\n<p>O ex-presidente tamb\u00e9m responde a uma a\u00e7\u00e3o na 12\u00aa Vara Federal Criminal de Bras\u00edlia, acusado de participa\u00e7\u00e3o em uma organiza\u00e7\u00e3o criminosa na c\u00fapula do MDB, conhecida como &#8220;quadrilh\u00e3o do MDB&#8221;.<\/p>\n\n\n\n<p>Al\u00e9m dessas duas, Temer \u00e9 r\u00e9u ainda em uma a\u00e7\u00e3o penal na 7\u00aa Vara Federal Criminal do Rio de Janeiro, por corrup\u00e7\u00e3o e peculato em um esquema na Eletronuclear.<\/p>\n","protected":false},"excerpt":{"rendered":"<p>A\u00e7\u00e3o tramita na Justi\u00e7a Federal de SP. Processo fica parado at\u00e9 STJ decidir se pode tramitar junto a outro, de Bras\u00edlia, que liga Temer ao&hellip; <\/p>\n","protected":false},"author":1,"featured_media":149042,"comment_status":"closed","ping_status":"closed","sticky":false,"template":"","format":"standard","meta":{"sfsi_plus_gutenberg_text_before_share":"","sfsi_plus_gutenberg_show_text_before_share":"","sfsi_plus_gutenberg_icon_type":"","sfsi_plus_gutenberg_icon_alignemt":"","sfsi_plus_gutenburg_max_per_row":"","footnotes":""},"categories":[11],"tags":[],"class_list":["post-149041","post","type-post","status-publish","format-standard","has-post-thumbnail","hentry","category-politica"],"_links":{"self":[{"href":"https:\/\/www.caririemacao.com\/1\/wp-json\/wp\/v2\/posts\/149041","targetHints":{"allow":["GET"]}}],"collection":[{"href":"https:\/\/www.caririemacao.com\/1\/wp-json\/wp\/v2\/posts"}],"about":[{"href":"https:\/\/www.caririemacao.com\/1\/wp-json\/wp\/v2\/types\/post"}],"author":[{"embeddable":true,"href":"https:\/\/www.caririemacao.com\/1\/wp-json\/wp\/v2\/users\/1"}],"replies":[{"embeddable":true,"href":"https:\/\/www.caririemacao.com\/1\/wp-json\/wp\/v2\/comments?post=149041"}],"version-history":[{"count":1,"href":"https:\/\/www.caririemacao.com\/1\/wp-json\/wp\/v2\/posts\/149041\/revisions"}],"predecessor-version":[{"id":149043,"href":"https:\/\/www.caririemacao.com\/1\/wp-json\/wp\/v2\/posts\/149041\/revisions\/149043"}],"wp:featuredmedia":[{"embeddable":true,"href":"https:\/\/www.caririemacao.com\/1\/wp-json\/wp\/v2\/media\/149042"}],"wp:attachment":[{"href":"https:\/\/www.caririemacao.com\/1\/wp-json\/wp\/v2\/media?parent=149041"}],"wp:term":[{"taxonomy":"category","embeddable":true,"href":"https:\/\/www.caririemacao.com\/1\/wp-json\/wp\/v2\/categories?post=149041"},{"taxonomy":"post_tag","embeddable":true,"href":"https:\/\/www.caririemacao.com\/1\/wp-json\/wp\/v2\/tags?post=149041"}],"curies":[{"name":"wp","href":"https:\/\/api.w.org\/{rel}","templated":true}]}}