{"id":149053,"date":"2020-01-25T08:16:12","date_gmt":"2020-01-25T11:16:12","guid":{"rendered":"http:\/\/www.caririemacao.com\/1\/?p=149053"},"modified":"2020-01-25T08:16:13","modified_gmt":"2020-01-25T11:16:13","slug":"ministerio-publico-pede-nova-prisao-de-rc-e-de-mais-17-investigados-pela-calvario","status":"publish","type":"post","link":"https:\/\/www.caririemacao.com\/1\/2020\/01\/25\/ministerio-publico-pede-nova-prisao-de-rc-e-de-mais-17-investigados-pela-calvario\/","title":{"rendered":"Minist\u00e9rio P\u00fablico pede nova pris\u00e3o de RC e de mais 17 investigados pela Calv\u00e1rio"},"content":{"rendered":"\n<p>O relator da Opera\u00e7\u00e3o Calv\u00e1rio no Tribunal de Justi\u00e7a da Para\u00edba (TJPB), desembargador Ricardo Vital, vai analisar um novo pedido de pris\u00e3o preventiva para 18 investigados.<\/p>\n\n\n\n<p>O pedido foi feito pelo Minist\u00e9rio P\u00fablico da Para\u00edba (MPPB).<\/p>\n\n\n\n<p>Entre outros agentes p\u00fablicos, a a\u00e7\u00e3o \u00e9 direcionada para o ex-governador Ricardo Coutinho (PSB); e para M\u00e1rcia Lucena, prefeita do munic\u00edpio do Conde, no Litoral Sul paraibano.<\/p>\n\n\n\n<p>Os dois est\u00e3o soltos por for\u00e7a de habeas corpus.<\/p>\n\n\n\n<p>O MPPB pede ainda o sequestro de bens de ambos os pol\u00edticos e de mais 28 investigados.<\/p>\n\n\n\n<p>\u00c9 o caso das deputadas estaduais Cida Ramos (PSB) e Estelizabel Bezerra (PSB), bem como do ex-secret\u00e1rio Waldson de Souza e&nbsp; do ex-procurador Gilberto Carneiro.<\/p>\n\n\n\n<p>O valor total do bloqueio de bens teria que ser de aproximadamente R$ 134 milh\u00f5es, recurso que corresponde \u00e0 estimativa de recursos p\u00fablicos desviados da \u00e1rea da Sa\u00fade para enriquecimento il\u00edcito e financiamento de campanhas eleitorais.<\/p>\n\n\n\n<p>O novo pedido foi apresentado juntamente com a den\u00fancia no \u00faltimo dia 13 de janeiro.<\/p>\n\n\n\n<p>No entanto, a imprensa s\u00f3 teve acesso ao documento na tarde desta sexta-feira (24).<\/p>\n\n\n\n<p>* Com informa\u00e7\u00f5es da TV Cabo Branco<\/p>\n","protected":false},"excerpt":{"rendered":"<p>O relator da Opera\u00e7\u00e3o Calv\u00e1rio no Tribunal de Justi\u00e7a da Para\u00edba (TJPB), desembargador Ricardo Vital, vai analisar um novo pedido de pris\u00e3o preventiva para 18&hellip; <\/p>\n","protected":false},"author":1,"featured_media":149054,"comment_status":"closed","ping_status":"closed","sticky":false,"template":"","format":"standard","meta":{"sfsi_plus_gutenberg_text_before_share":"","sfsi_plus_gutenberg_show_text_before_share":"","sfsi_plus_gutenberg_icon_type":"","sfsi_plus_gutenberg_icon_alignemt":"","sfsi_plus_gutenburg_max_per_row":"","footnotes":""},"categories":[12],"tags":[],"class_list":["post-149053","post","type-post","status-publish","format-standard","has-post-thumbnail","hentry","category-policia"],"_links":{"self":[{"href":"https:\/\/www.caririemacao.com\/1\/wp-json\/wp\/v2\/posts\/149053","targetHints":{"allow":["GET"]}}],"collection":[{"href":"https:\/\/www.caririemacao.com\/1\/wp-json\/wp\/v2\/posts"}],"about":[{"href":"https:\/\/www.caririemacao.com\/1\/wp-json\/wp\/v2\/types\/post"}],"author":[{"embeddable":true,"href":"https:\/\/www.caririemacao.com\/1\/wp-json\/wp\/v2\/users\/1"}],"replies":[{"embeddable":true,"href":"https:\/\/www.caririemacao.com\/1\/wp-json\/wp\/v2\/comments?post=149053"}],"version-history":[{"count":1,"href":"https:\/\/www.caririemacao.com\/1\/wp-json\/wp\/v2\/posts\/149053\/revisions"}],"predecessor-version":[{"id":149055,"href":"https:\/\/www.caririemacao.com\/1\/wp-json\/wp\/v2\/posts\/149053\/revisions\/149055"}],"wp:featuredmedia":[{"embeddable":true,"href":"https:\/\/www.caririemacao.com\/1\/wp-json\/wp\/v2\/media\/149054"}],"wp:attachment":[{"href":"https:\/\/www.caririemacao.com\/1\/wp-json\/wp\/v2\/media?parent=149053"}],"wp:term":[{"taxonomy":"category","embeddable":true,"href":"https:\/\/www.caririemacao.com\/1\/wp-json\/wp\/v2\/categories?post=149053"},{"taxonomy":"post_tag","embeddable":true,"href":"https:\/\/www.caririemacao.com\/1\/wp-json\/wp\/v2\/tags?post=149053"}],"curies":[{"name":"wp","href":"https:\/\/api.w.org\/{rel}","templated":true}]}}