{"id":149061,"date":"2020-01-25T08:19:53","date_gmt":"2020-01-25T11:19:53","guid":{"rendered":"http:\/\/www.caririemacao.com\/1\/?p=149061"},"modified":"2020-01-25T08:19:55","modified_gmt":"2020-01-25T11:19:55","slug":"regina-duarte-deve-r-3196-mil-por-irregularidades-com-a-lei-rouanet","status":"publish","type":"post","link":"https:\/\/www.caririemacao.com\/1\/2020\/01\/25\/regina-duarte-deve-r-3196-mil-por-irregularidades-com-a-lei-rouanet\/","title":{"rendered":"Regina Duarte deve R$ 319,6 mil por irregularidades com a Lei Rouanet"},"content":{"rendered":"\n<p>Um dos pontos de tens\u00e3o entre artistas e o governo de Jair Bolsonaro decorre das reformula\u00e7\u00f5es na Lei Rouanet. No p\u00e9riplo que fez por Bras\u00edlia ao longo desta semana, Regina Duarte mostrou especial interesse em financiamento \u00e0 cultura. Ela foi at\u00e9 a \u00e1rea que cuida da pol\u00edtica de fomento e disse que gostaria de saber mais e entender como funciona esse setor. O tema j\u00e1 faz parte da vida da atriz. Uma empresa dela, chamada A Vida \u00c9 Sonho Produ\u00e7\u00f5es Art\u00edsticas, conseguiu tr\u00eas financiamentos com base na Lei Rouanet, que somaram 1,4 milh\u00e3o de reais. Trata-se de um cap\u00edtulo que pode causar embara\u00e7os \u00e0 atriz.<\/p>\n\n\n\n<p>Em mar\u00e7o de 2018, a \u00e1rea t\u00e9cnica do Minist\u00e9rio da Cultura reprovou a presta\u00e7\u00e3o de contas de um dos projetos, Cora\u00e7\u00e3o Bazar, pe\u00e7a para a qual Regina Duarte captou 321 000 reais com base na legisla\u00e7\u00e3o. Pela decis\u00e3o, cujos fundamentos s\u00e3o mantidos em sigilo, a atriz ter\u00e1 de restituir 319 600 reais ao Fundo Nacional da Cultura. A conta s\u00f3 n\u00e3o foi cobrada ainda porque houve apresenta\u00e7\u00e3o de um recurso.<\/p>\n\n\n\n<p>Dos outros dois projetos de sua empresa custeados por meio da Lei Rouanet, um teve contas aprovadas e o outro ainda n\u00e3o foi analisado. Procurada, a atriz disse que far\u00e1 \u201co que a Justi\u00e7a determinar\u201d. Seu filho Andr\u00e9 Duarte, s\u00f3cio-administrador de A Vida \u00c9 Sonho, informou que a presta\u00e7\u00e3o de contas foi reprovada porque houve um descuido: a falta de comprovantes de que o mon\u00f3logo, em cartaz de 2004 a 2005, foi exibido sem a cobran\u00e7a de ingressos, contrapartida do contrato.<\/p>\n\n\n\n<p>Regina Duarte foi indicada por Bolsonaro para assumir a Secretaria da Cultura ap\u00f3s a demiss\u00e3o de Roberto Alvim, que veiculou um v\u00eddeo em que parafraseava o discurso do nazista Joseph Goebbels, ministro da Propaganda do ditador Adolf Hitler. Ela diz que est\u00e1 \u201cnoivando\u201d com o governo e que dar\u00e1 uma resposta oficial ao convite assim que o presidente retornar de uma viagem \u00e0 \u00cdndia, na ter\u00e7a-feira, 28.<br><\/p>\n","protected":false},"excerpt":{"rendered":"<p>Um dos pontos de tens\u00e3o entre artistas e o governo de Jair Bolsonaro decorre das reformula\u00e7\u00f5es na Lei Rouanet. No p\u00e9riplo que fez por Bras\u00edlia&hellip; <\/p>\n","protected":false},"author":1,"featured_media":149062,"comment_status":"closed","ping_status":"closed","sticky":false,"template":"","format":"standard","meta":{"sfsi_plus_gutenberg_text_before_share":"","sfsi_plus_gutenberg_show_text_before_share":"","sfsi_plus_gutenberg_icon_type":"","sfsi_plus_gutenberg_icon_alignemt":"","sfsi_plus_gutenburg_max_per_row":"","footnotes":""},"categories":[2],"tags":[],"class_list":["post-149061","post","type-post","status-publish","format-standard","has-post-thumbnail","hentry","category-geral"],"_links":{"self":[{"href":"https:\/\/www.caririemacao.com\/1\/wp-json\/wp\/v2\/posts\/149061","targetHints":{"allow":["GET"]}}],"collection":[{"href":"https:\/\/www.caririemacao.com\/1\/wp-json\/wp\/v2\/posts"}],"about":[{"href":"https:\/\/www.caririemacao.com\/1\/wp-json\/wp\/v2\/types\/post"}],"author":[{"embeddable":true,"href":"https:\/\/www.caririemacao.com\/1\/wp-json\/wp\/v2\/users\/1"}],"replies":[{"embeddable":true,"href":"https:\/\/www.caririemacao.com\/1\/wp-json\/wp\/v2\/comments?post=149061"}],"version-history":[{"count":1,"href":"https:\/\/www.caririemacao.com\/1\/wp-json\/wp\/v2\/posts\/149061\/revisions"}],"predecessor-version":[{"id":149063,"href":"https:\/\/www.caririemacao.com\/1\/wp-json\/wp\/v2\/posts\/149061\/revisions\/149063"}],"wp:featuredmedia":[{"embeddable":true,"href":"https:\/\/www.caririemacao.com\/1\/wp-json\/wp\/v2\/media\/149062"}],"wp:attachment":[{"href":"https:\/\/www.caririemacao.com\/1\/wp-json\/wp\/v2\/media?parent=149061"}],"wp:term":[{"taxonomy":"category","embeddable":true,"href":"https:\/\/www.caririemacao.com\/1\/wp-json\/wp\/v2\/categories?post=149061"},{"taxonomy":"post_tag","embeddable":true,"href":"https:\/\/www.caririemacao.com\/1\/wp-json\/wp\/v2\/tags?post=149061"}],"curies":[{"name":"wp","href":"https:\/\/api.w.org\/{rel}","templated":true}]}}