{"id":149073,"date":"2020-01-25T08:27:49","date_gmt":"2020-01-25T11:27:49","guid":{"rendered":"http:\/\/www.caririemacao.com\/1\/?p=149073"},"modified":"2020-01-25T08:27:50","modified_gmt":"2020-01-25T11:27:50","slug":"piza-quer-bota-pb-aproveitando-espacos-contra-um-rapido-america-rn","status":"publish","type":"post","link":"https:\/\/www.caririemacao.com\/1\/2020\/01\/25\/piza-quer-bota-pb-aproveitando-espacos-contra-um-rapido-america-rn\/","title":{"rendered":"Piza quer Bota-PB aproveitando espa\u00e7os contra um \u201cr\u00e1pido Am\u00e9rica-RN\u201d"},"content":{"rendered":"\n<p> Depois de uma longa pausa de quase cinco meses sem disputar partidas oficias, o Botafogo-PB inicia a temporada de 2020 com uma min-maratona de jogos.<\/p>\n\n\n\n<p>Se na ter\u00e7a-feira (21) fez sua estreia no Campeonato Paraibano, contra o S\u00e3o Paulo Crystal, neste s\u00e1bado (25), \u00e9 o momento de iniciar sua participa\u00e7\u00e3o na Copa do Nordeste de 2020, contra o Am\u00e9rica-RN, em Natal.<\/p>\n\n\n\n<p>Ap\u00f3s bom come\u00e7o no estadual, com confort\u00e1vel vit\u00f3ria por 2 a 0, as aten\u00e7\u00f5es agora se voltam para a competi\u00e7\u00e3o regional. A boa campanha no torneio em 2019, quando foi vice-campe\u00e3o, cria uma press\u00e3o extra sobre o clube, e Evaristo Piza reconhece esse peso.<\/p>\n\n\n\n<figure class=\"wp-block-image\"><img decoding=\"async\" data-src=\"https:\/\/paraibaonline.com.br\/wp-content\/uploads\/2019\/08\/EvaristoPiza.jpg\" alt=\"Para\u00edba Online \u2022 Piza quer Bota-PB aproveitando espa\u00e7os contra um &quot;r\u00e1pido Am\u00e9rica-RN&quot;\" class=\"wp-image-758542 lazyload\" src=\"data:image\/svg+xml;base64,PHN2ZyB3aWR0aD0iMSIgaGVpZ2h0PSIxIiB4bWxucz0iaHR0cDovL3d3dy53My5vcmcvMjAwMC9zdmciPjwvc3ZnPg==\" \/><\/figure>\n\n\n\n<p>Foto: Ascom \/ Botafogo-PB<\/p>\n\n\n\n<p>\u2013 Sabemos dessa responsabilidade e da dificuldade que ser\u00e1 enfrentada esse ano. Os jogadores est\u00e3o preparados para fazer mais uma grande estreia. O n\u00edvel \u00e9 elevado, uma competi\u00e7\u00e3o onde est\u00e3o os grandes do Nordeste, equipes de S\u00e9rie A, B, C, o Am\u00e9rica-RN, um advers\u00e1rio de S\u00e9rie D, mas que est\u00e1 muito bem organizado \u2013 avaliou.<\/p>\n\n\n\n<p>O advers\u00e1rio do final de semana vem de um \u00f3timo in\u00edcio no Campeonato Potiguar, com cinco vit\u00f3rias nos cinco primeiros jogos. Por\u00e9m, na \u00faltima rodada, enfrentando o rival ABC, acabou sendo derrotado em um emocionante 4 a 3.<\/p>\n\n\n\n<p>O t\u00e9cnico botafoguense foi \u00e0 Arena das Dunas na quarta-feira (22), junto a usa comiss\u00e3o t\u00e9cnica, se impressionou com a atmosfera do cl\u00e1ssico e conheceu um pouco mais a equipe alvirrubra.<\/p>\n\n\n\n<p>\u2013 Eu vi um time organizado, leve, que joga no 4-2-3-1 marcando, e no 4-3-3 propondo o jogo, com bastante troca. O Am\u00e9rica-RN \u00e9 um time leve, passei isso para os meus atletas, \u00e9 preciso ter aten\u00e7\u00e3o. Penso que se estivermos organizados, competindo bastante no jogo sem bola e fazendo a transi\u00e7\u00e3o bem, iremos fazer um grande jogo \u2013 analisou.<\/p>\n\n\n\n<p>Desfalque certo ser\u00e1 Everton Heleno, que tem puni\u00e7\u00e3o de tr\u00eas jogos a cumprir nas competi\u00e7\u00f5es da CBF, de quando atuava por seu antigo clube, o Botafogo-SP. Al\u00e9m dessa, outras altera\u00e7\u00f5es podem surgir em fun\u00e7\u00e3o da necessidade do confronto.<\/p>\n\n\n\n<p>\u2013 Caso haja alguma outra altera\u00e7\u00e3o, n\u00e3o ser\u00e1 por motivos t\u00e9cnicos, pois gostei da estreia. Achei que fizemos um grande jogo. Talvez mude por uma estrat\u00e9gia t\u00e1tica para esse jogo fora de casa, onde vou precisar ter velocidade no contra-ataque quando tiver a bola. O Am\u00e9rica-RN \u00e9 um advers\u00e1rio muito ofensivo, agride com seis jogadores no campo de ataque e deixa, em alguns momentos, o campo de defesa exposto \u2013 revelou.<br><\/p>\n","protected":false},"excerpt":{"rendered":"<p>Depois de uma longa pausa de quase cinco meses sem disputar partidas oficias, o Botafogo-PB inicia a temporada de 2020 com uma min-maratona de jogos.&hellip; <\/p>\n","protected":false},"author":1,"featured_media":149074,"comment_status":"closed","ping_status":"closed","sticky":false,"template":"","format":"standard","meta":{"sfsi_plus_gutenberg_text_before_share":"","sfsi_plus_gutenberg_show_text_before_share":"","sfsi_plus_gutenberg_icon_type":"","sfsi_plus_gutenberg_icon_alignemt":"","sfsi_plus_gutenburg_max_per_row":"","footnotes":""},"categories":[13],"tags":[],"class_list":["post-149073","post","type-post","status-publish","format-standard","has-post-thumbnail","hentry","category-esportes"],"_links":{"self":[{"href":"https:\/\/www.caririemacao.com\/1\/wp-json\/wp\/v2\/posts\/149073","targetHints":{"allow":["GET"]}}],"collection":[{"href":"https:\/\/www.caririemacao.com\/1\/wp-json\/wp\/v2\/posts"}],"about":[{"href":"https:\/\/www.caririemacao.com\/1\/wp-json\/wp\/v2\/types\/post"}],"author":[{"embeddable":true,"href":"https:\/\/www.caririemacao.com\/1\/wp-json\/wp\/v2\/users\/1"}],"replies":[{"embeddable":true,"href":"https:\/\/www.caririemacao.com\/1\/wp-json\/wp\/v2\/comments?post=149073"}],"version-history":[{"count":1,"href":"https:\/\/www.caririemacao.com\/1\/wp-json\/wp\/v2\/posts\/149073\/revisions"}],"predecessor-version":[{"id":149075,"href":"https:\/\/www.caririemacao.com\/1\/wp-json\/wp\/v2\/posts\/149073\/revisions\/149075"}],"wp:featuredmedia":[{"embeddable":true,"href":"https:\/\/www.caririemacao.com\/1\/wp-json\/wp\/v2\/media\/149074"}],"wp:attachment":[{"href":"https:\/\/www.caririemacao.com\/1\/wp-json\/wp\/v2\/media?parent=149073"}],"wp:term":[{"taxonomy":"category","embeddable":true,"href":"https:\/\/www.caririemacao.com\/1\/wp-json\/wp\/v2\/categories?post=149073"},{"taxonomy":"post_tag","embeddable":true,"href":"https:\/\/www.caririemacao.com\/1\/wp-json\/wp\/v2\/tags?post=149073"}],"curies":[{"name":"wp","href":"https:\/\/api.w.org\/{rel}","templated":true}]}}