{"id":149078,"date":"2020-01-25T08:30:31","date_gmt":"2020-01-25T11:30:31","guid":{"rendered":"http:\/\/www.caririemacao.com\/1\/?p=149078"},"modified":"2020-01-25T08:30:33","modified_gmt":"2020-01-25T11:30:33","slug":"escola-seleciona-professores-formadores-para-atuar-em-cinco-municipios-paraibanos-um-deles-e-na-regiao-do-cariri-2","status":"publish","type":"post","link":"https:\/\/www.caririemacao.com\/1\/2020\/01\/25\/escola-seleciona-professores-formadores-para-atuar-em-cinco-municipios-paraibanos-um-deles-e-na-regiao-do-cariri-2\/","title":{"rendered":"Escola seleciona professores formadores para atuar em cinco munic\u00edpios paraibanos; um deles \u00e9 na regi\u00e3o do Cariri"},"content":{"rendered":"\n<p> Est\u00e3o abertas at\u00e9 o dia 30 de janeiro as inscri\u00e7\u00f5es para a sele\u00e7\u00e3o de professores formadores da Escola de Servi\u00e7o P\u00fablico do Estado da Para\u00edba (Espep). As inscri\u00e7\u00f5es podem ser feitas no endere\u00e7o\u00a0<a href=\"http:\/\/www.portaldacidadania.pb.gov.br\/\">www.portaldacidadania.pb.gov.b\u2026<br><\/a><\/p>\n\n\n\n<p>Os profissionais selecionados atuar\u00e3o nos Cursos de Curta Dura\u00e7\u00e3o, bem como workshops, semin\u00e1rios, palestras, oficinas, minicursos, jornadas e outras atividades pedag\u00f3gicas em \u00e1reas afins.<\/p>\n\n\n\n<p>A remunera\u00e7\u00e3o \u00e9 de R$ 80 por hora-aula para professores graduados, R$ 100 para professores com especializa\u00e7\u00e3o, R$ 120 para professores com mestrado e R$ 140 para professores com doutorado.<\/p>\n\n\n\n<p>H\u00e1 vagas para Jo\u00e3o Pessoa, Campina Grande, Cajazeiras, Patos e Pombal. Ser\u00e1 realizado cadastro de reserva para os munic\u00edpios de Guarabira, Cuit\u00e9, Monteiro, Itaporanga, Catol\u00e9 do Rocha, Sousa, Princesa Isabel, Itabaiana e Mamanguape.<\/p>\n\n\n\n<p>As \u00e1reas de atua\u00e7\u00e3o s\u00e3o Ingl\u00eas Instrumental; Espanhol Instrumental; Motiva\u00e7\u00e3o no Servi\u00e7o P\u00fablico; Desenvolvimento de Equipes; Rela\u00e7\u00f5es Interpessoais e \u00c9tica; Forma\u00e7\u00e3o de L\u00edderes com Equipes Eficazes; Dic\u00e7\u00e3o e Orat\u00f3ria.<\/p>\n\n\n\n<p>Click PB <\/p>\n","protected":false},"excerpt":{"rendered":"<p>Est\u00e3o abertas at\u00e9 o dia 30 de janeiro as inscri\u00e7\u00f5es para a sele\u00e7\u00e3o de professores formadores da Escola de Servi\u00e7o P\u00fablico do Estado da Para\u00edba&hellip; <\/p>\n","protected":false},"author":1,"featured_media":149079,"comment_status":"closed","ping_status":"closed","sticky":false,"template":"","format":"standard","meta":{"sfsi_plus_gutenberg_text_before_share":"","sfsi_plus_gutenberg_show_text_before_share":"","sfsi_plus_gutenberg_icon_type":"","sfsi_plus_gutenberg_icon_alignemt":"","sfsi_plus_gutenburg_max_per_row":"","footnotes":""},"categories":[6,50],"tags":[],"class_list":["post-149078","post","type-post","status-publish","format-standard","has-post-thumbnail","hentry","category-cidades","category-destaque"],"_links":{"self":[{"href":"https:\/\/www.caririemacao.com\/1\/wp-json\/wp\/v2\/posts\/149078","targetHints":{"allow":["GET"]}}],"collection":[{"href":"https:\/\/www.caririemacao.com\/1\/wp-json\/wp\/v2\/posts"}],"about":[{"href":"https:\/\/www.caririemacao.com\/1\/wp-json\/wp\/v2\/types\/post"}],"author":[{"embeddable":true,"href":"https:\/\/www.caririemacao.com\/1\/wp-json\/wp\/v2\/users\/1"}],"replies":[{"embeddable":true,"href":"https:\/\/www.caririemacao.com\/1\/wp-json\/wp\/v2\/comments?post=149078"}],"version-history":[{"count":1,"href":"https:\/\/www.caririemacao.com\/1\/wp-json\/wp\/v2\/posts\/149078\/revisions"}],"predecessor-version":[{"id":149080,"href":"https:\/\/www.caririemacao.com\/1\/wp-json\/wp\/v2\/posts\/149078\/revisions\/149080"}],"wp:featuredmedia":[{"embeddable":true,"href":"https:\/\/www.caririemacao.com\/1\/wp-json\/wp\/v2\/media\/149079"}],"wp:attachment":[{"href":"https:\/\/www.caririemacao.com\/1\/wp-json\/wp\/v2\/media?parent=149078"}],"wp:term":[{"taxonomy":"category","embeddable":true,"href":"https:\/\/www.caririemacao.com\/1\/wp-json\/wp\/v2\/categories?post=149078"},{"taxonomy":"post_tag","embeddable":true,"href":"https:\/\/www.caririemacao.com\/1\/wp-json\/wp\/v2\/tags?post=149078"}],"curies":[{"name":"wp","href":"https:\/\/api.w.org\/{rel}","templated":true}]}}