{"id":149083,"date":"2020-01-25T08:36:30","date_gmt":"2020-01-25T11:36:30","guid":{"rendered":"http:\/\/www.caririemacao.com\/1\/?p=149083"},"modified":"2020-01-25T08:36:31","modified_gmt":"2020-01-25T11:36:31","slug":"adolescente-de-13-anos-e-suspeito-de-atirar-acidentalmente-em-crianca-de-9-anos","status":"publish","type":"post","link":"https:\/\/www.caririemacao.com\/1\/2020\/01\/25\/adolescente-de-13-anos-e-suspeito-de-atirar-acidentalmente-em-crianca-de-9-anos\/","title":{"rendered":"Adolescente de 13 anos \u00e9 suspeito de atirar acidentalmente em crian\u00e7a de 9 anos"},"content":{"rendered":"\n<p>Na noite de ontem (23), uma crian\u00e7a de apenas 9 anos de idade fico gravemente ferida, ao ser atingida por um tiro de espingarda, na cidade de Sol\u00e2nea, na Para\u00edba.<\/p>\n\n\n\n<p>Segundo informa\u00e7\u00f5es policiais, o autor do disparo seria um menor de 13 anos de idade, que estaria ca\u00e7ando no momento do ocorrido.<\/p>\n\n\n\n<p>O adolescente relatou a Pol\u00edcia que estava no mato e que a v\u00edtima teria passado na frente, instantes antes dele ter puxado o gatilho da espingarda.<\/p>\n\n\n\n<p>A crian\u00e7a foi socorrida para o Hospital de Emerg\u00eancia e Trauma de Campina Grande. De acordo com a assessoria da unidade de sa\u00fade, a crian\u00e7a passou por uma cirurgia e est\u00e1 internada na UTI em estado grave.<\/p>\n\n\n\n<p>FONTE:\u00a0Rep\u00f3rter PB<\/p>\n","protected":false},"excerpt":{"rendered":"<p>Na noite de ontem (23), uma crian\u00e7a de apenas 9 anos de idade fico gravemente ferida, ao ser atingida por um tiro de espingarda, na&hellip; <\/p>\n","protected":false},"author":1,"featured_media":88728,"comment_status":"closed","ping_status":"closed","sticky":false,"template":"","format":"standard","meta":{"sfsi_plus_gutenberg_text_before_share":"","sfsi_plus_gutenberg_show_text_before_share":"","sfsi_plus_gutenberg_icon_type":"","sfsi_plus_gutenberg_icon_alignemt":"","sfsi_plus_gutenburg_max_per_row":"","footnotes":""},"categories":[12],"tags":[],"class_list":["post-149083","post","type-post","status-publish","format-standard","has-post-thumbnail","hentry","category-policia"],"_links":{"self":[{"href":"https:\/\/www.caririemacao.com\/1\/wp-json\/wp\/v2\/posts\/149083","targetHints":{"allow":["GET"]}}],"collection":[{"href":"https:\/\/www.caririemacao.com\/1\/wp-json\/wp\/v2\/posts"}],"about":[{"href":"https:\/\/www.caririemacao.com\/1\/wp-json\/wp\/v2\/types\/post"}],"author":[{"embeddable":true,"href":"https:\/\/www.caririemacao.com\/1\/wp-json\/wp\/v2\/users\/1"}],"replies":[{"embeddable":true,"href":"https:\/\/www.caririemacao.com\/1\/wp-json\/wp\/v2\/comments?post=149083"}],"version-history":[{"count":1,"href":"https:\/\/www.caririemacao.com\/1\/wp-json\/wp\/v2\/posts\/149083\/revisions"}],"predecessor-version":[{"id":149085,"href":"https:\/\/www.caririemacao.com\/1\/wp-json\/wp\/v2\/posts\/149083\/revisions\/149085"}],"wp:featuredmedia":[{"embeddable":true,"href":"https:\/\/www.caririemacao.com\/1\/wp-json\/wp\/v2\/media\/88728"}],"wp:attachment":[{"href":"https:\/\/www.caririemacao.com\/1\/wp-json\/wp\/v2\/media?parent=149083"}],"wp:term":[{"taxonomy":"category","embeddable":true,"href":"https:\/\/www.caririemacao.com\/1\/wp-json\/wp\/v2\/categories?post=149083"},{"taxonomy":"post_tag","embeddable":true,"href":"https:\/\/www.caririemacao.com\/1\/wp-json\/wp\/v2\/tags?post=149083"}],"curies":[{"name":"wp","href":"https:\/\/api.w.org\/{rel}","templated":true}]}}