{"id":149098,"date":"2020-01-25T08:46:03","date_gmt":"2020-01-25T11:46:03","guid":{"rendered":"http:\/\/www.caririemacao.com\/1\/?p=149098"},"modified":"2020-01-25T08:46:06","modified_gmt":"2020-01-25T11:46:06","slug":"caged-pais-criou-644-mil-novas-vagas-de-trabalho-em-2019","status":"publish","type":"post","link":"https:\/\/www.caririemacao.com\/1\/2020\/01\/25\/caged-pais-criou-644-mil-novas-vagas-de-trabalho-em-2019\/","title":{"rendered":"Caged: pa\u00eds criou 644 mil novas vagas de trabalho em 2019"},"content":{"rendered":"\n<div class=\"wp-block-image\"><figure class=\"aligncenter\"><a href=\"http:\/\/noticiasemdestaque.com\/cd\/wp-content\/uploads\/2017\/12\/1511901060835-carteira-de-trabalho.jpg\"><img decoding=\"async\" data-src=\"http:\/\/noticiasemdestaque.com\/cd\/wp-content\/uploads\/2017\/12\/1511901060835-carteira-de-trabalho.jpg\" alt=\"\" class=\"wp-image-6894 lazyload\" src=\"data:image\/svg+xml;base64,PHN2ZyB3aWR0aD0iMSIgaGVpZ2h0PSIxIiB4bWxucz0iaHR0cDovL3d3dy53My5vcmcvMjAwMC9zdmciPjwvc3ZnPg==\" \/><\/a><\/figure><\/div>\n\n\n\n<p>O Brasil registrou a cria\u00e7\u00e3o de 644 mil&nbsp;vagas de emprego formal no ano passado, 21,63% a mais que o registrado em 2018. De acordo com o Minist\u00e9rio da Economia, \u00e9 o maior saldo de emprego com carteira assinada em n\u00fameros absolutos desde 2013.<\/p>\n\n\n\n<p>Dados do&nbsp;<a href=\"http:\/\/pdet.mte.gov.br\/caged\" target=\"_blank\" rel=\"noreferrer noopener\">Cadastro Geral de Empregados e Desempregados<\/a>&nbsp;(Caged), divulgados hoje (24), mostram que o estoque de empregos formais chegou a 39 milh\u00f5es de v\u00ednculos. Em 2018, esse n\u00famero tinha ficado em 38,4 milh\u00f5es.<\/p>\n\n\n\n<p>Todos os oitos setores da economia registraram saldo positivo no \u00faltimo ano. O destaque ficou com o setor de servi\u00e7os, respons\u00e1vel pela gera\u00e7\u00e3o de 382,5 mil postos. No com\u00e9rcio, foram 145,4 mil novas vagas e na constru\u00e7\u00e3o civil, 71,1 mil. O menor desempenho foi o da administra\u00e7\u00e3o p\u00fablica, com 822 novas vagas.<\/p>\n\n\n\n<p>EBC<\/p>\n","protected":false},"excerpt":{"rendered":"<p>O Brasil registrou a cria\u00e7\u00e3o de 644 mil&nbsp;vagas de emprego formal no ano passado, 21,63% a mais que o registrado em 2018. De acordo com&hellip; <\/p>\n","protected":false},"author":1,"featured_media":149099,"comment_status":"closed","ping_status":"closed","sticky":false,"template":"","format":"standard","meta":{"sfsi_plus_gutenberg_text_before_share":"","sfsi_plus_gutenberg_show_text_before_share":"","sfsi_plus_gutenberg_icon_type":"","sfsi_plus_gutenberg_icon_alignemt":"","sfsi_plus_gutenburg_max_per_row":"","footnotes":""},"categories":[2],"tags":[],"class_list":["post-149098","post","type-post","status-publish","format-standard","has-post-thumbnail","hentry","category-geral"],"_links":{"self":[{"href":"https:\/\/www.caririemacao.com\/1\/wp-json\/wp\/v2\/posts\/149098","targetHints":{"allow":["GET"]}}],"collection":[{"href":"https:\/\/www.caririemacao.com\/1\/wp-json\/wp\/v2\/posts"}],"about":[{"href":"https:\/\/www.caririemacao.com\/1\/wp-json\/wp\/v2\/types\/post"}],"author":[{"embeddable":true,"href":"https:\/\/www.caririemacao.com\/1\/wp-json\/wp\/v2\/users\/1"}],"replies":[{"embeddable":true,"href":"https:\/\/www.caririemacao.com\/1\/wp-json\/wp\/v2\/comments?post=149098"}],"version-history":[{"count":1,"href":"https:\/\/www.caririemacao.com\/1\/wp-json\/wp\/v2\/posts\/149098\/revisions"}],"predecessor-version":[{"id":149100,"href":"https:\/\/www.caririemacao.com\/1\/wp-json\/wp\/v2\/posts\/149098\/revisions\/149100"}],"wp:featuredmedia":[{"embeddable":true,"href":"https:\/\/www.caririemacao.com\/1\/wp-json\/wp\/v2\/media\/149099"}],"wp:attachment":[{"href":"https:\/\/www.caririemacao.com\/1\/wp-json\/wp\/v2\/media?parent=149098"}],"wp:term":[{"taxonomy":"category","embeddable":true,"href":"https:\/\/www.caririemacao.com\/1\/wp-json\/wp\/v2\/categories?post=149098"},{"taxonomy":"post_tag","embeddable":true,"href":"https:\/\/www.caririemacao.com\/1\/wp-json\/wp\/v2\/tags?post=149098"}],"curies":[{"name":"wp","href":"https:\/\/api.w.org\/{rel}","templated":true}]}}