{"id":149224,"date":"2020-01-26T11:57:40","date_gmt":"2020-01-26T14:57:40","guid":{"rendered":"http:\/\/www.caririemacao.com\/1\/?p=149224"},"modified":"2020-01-26T11:57:41","modified_gmt":"2020-01-26T14:57:41","slug":"motociclista-morre-em-colisao-frontal-com-caminhao-no-sertao-da-paraiba","status":"publish","type":"post","link":"https:\/\/www.caririemacao.com\/1\/2020\/01\/26\/motociclista-morre-em-colisao-frontal-com-caminhao-no-sertao-da-paraiba\/","title":{"rendered":"Motociclista morre em colis\u00e3o frontal com caminh\u00e3o no Sert\u00e3o da Para\u00edba"},"content":{"rendered":"\n<p> Um acidente com v\u00edtima fatal foi registrado na manh\u00e3 deste s\u00e1bado (25), na BR-361, entre os munic\u00edpios de Santa Terezinha e Catingueira, no Sert\u00e3o da Para\u00edba.<\/p>\n\n\n\n<p>De acordo com as informa\u00e7\u00f5es, uma motocicleta colidiu de frente com um caminh\u00e3o que seguia em sentido oposto.<\/p>\n\n\n\n<p>O condutor da motocicleta foi identificado como La\u00e9rcio do Nascimento Lucena, 45 anos. Ele \u00e9 bastante conhecido na cidade de Santa Terezinha, sendo sobrinho do advogado Bivar Rufino de Lucena. La\u00e9rcio era solteiro e morava com o pais.<\/p>\n\n\n\n<p>A colis\u00e3o foi t\u00e3o violenta que a moto se partiu ao meio sendo que parte dela ficou cravada na parte dianteira do caminh\u00e3o.<\/p>\n\n\n\n<p>A Pol\u00edcia Rodovi\u00e1ria Federal foi acionada e compareceu ao local para realizar os procedimentos de praxe.<\/p>\n\n\n\n<p><em>Click PB<\/em><\/p>\n","protected":false},"excerpt":{"rendered":"<p>Um acidente com v\u00edtima fatal foi registrado na manh\u00e3 deste s\u00e1bado (25), na BR-361, entre os munic\u00edpios de Santa Terezinha e Catingueira, no Sert\u00e3o da&hellip; <\/p>\n","protected":false},"author":1,"featured_media":149225,"comment_status":"closed","ping_status":"closed","sticky":false,"template":"","format":"standard","meta":{"sfsi_plus_gutenberg_text_before_share":"","sfsi_plus_gutenberg_show_text_before_share":"","sfsi_plus_gutenberg_icon_type":"","sfsi_plus_gutenberg_icon_alignemt":"","sfsi_plus_gutenburg_max_per_row":"","footnotes":""},"categories":[12],"tags":[],"class_list":["post-149224","post","type-post","status-publish","format-standard","has-post-thumbnail","hentry","category-policia"],"_links":{"self":[{"href":"https:\/\/www.caririemacao.com\/1\/wp-json\/wp\/v2\/posts\/149224","targetHints":{"allow":["GET"]}}],"collection":[{"href":"https:\/\/www.caririemacao.com\/1\/wp-json\/wp\/v2\/posts"}],"about":[{"href":"https:\/\/www.caririemacao.com\/1\/wp-json\/wp\/v2\/types\/post"}],"author":[{"embeddable":true,"href":"https:\/\/www.caririemacao.com\/1\/wp-json\/wp\/v2\/users\/1"}],"replies":[{"embeddable":true,"href":"https:\/\/www.caririemacao.com\/1\/wp-json\/wp\/v2\/comments?post=149224"}],"version-history":[{"count":1,"href":"https:\/\/www.caririemacao.com\/1\/wp-json\/wp\/v2\/posts\/149224\/revisions"}],"predecessor-version":[{"id":149226,"href":"https:\/\/www.caririemacao.com\/1\/wp-json\/wp\/v2\/posts\/149224\/revisions\/149226"}],"wp:featuredmedia":[{"embeddable":true,"href":"https:\/\/www.caririemacao.com\/1\/wp-json\/wp\/v2\/media\/149225"}],"wp:attachment":[{"href":"https:\/\/www.caririemacao.com\/1\/wp-json\/wp\/v2\/media?parent=149224"}],"wp:term":[{"taxonomy":"category","embeddable":true,"href":"https:\/\/www.caririemacao.com\/1\/wp-json\/wp\/v2\/categories?post=149224"},{"taxonomy":"post_tag","embeddable":true,"href":"https:\/\/www.caririemacao.com\/1\/wp-json\/wp\/v2\/tags?post=149224"}],"curies":[{"name":"wp","href":"https:\/\/api.w.org\/{rel}","templated":true}]}}