{"id":149234,"date":"2020-01-26T15:34:11","date_gmt":"2020-01-26T18:34:11","guid":{"rendered":"http:\/\/www.caririemacao.com\/1\/?p=149234"},"modified":"2020-01-26T15:34:12","modified_gmt":"2020-01-26T18:34:12","slug":"paraiba-prepara-rede-de-servicos-de-saude-para-possiveis-casos-de-coronavirus","status":"publish","type":"post","link":"https:\/\/www.caririemacao.com\/1\/2020\/01\/26\/paraiba-prepara-rede-de-servicos-de-saude-para-possiveis-casos-de-coronavirus\/","title":{"rendered":"Para\u00edba prepara rede de servi\u00e7os de sa\u00fade para poss\u00edveis casos de Coronav\u00edrus"},"content":{"rendered":"\n<p>Diante dos casos de doen\u00e7a respirat\u00f3ria na China, causada pelo novo Coronav\u00edrus, o Governo do Estado, por meio da Secretaria de Estado da Sa\u00fade (SES), alerta a popula\u00e7\u00e3o acerca dos sintomas e formas de preven\u00e7\u00e3o e prepara profissionais de sa\u00fade para atenderem casos suspeitos da doen\u00e7a.<\/p>\n\n\n\n<p>Na Para\u00edba, as medidas incluem divulga\u00e7\u00e3o de nota t\u00e9cnica para os profissionais de sa\u00fade indicando o fluxo de atendimento, unidade estadual de refer\u00eancia para tratamento, al\u00e9m de orienta\u00e7\u00f5es de vigil\u00e2ncia em sa\u00fade e medidas de preven\u00e7\u00e3o para a popula\u00e7\u00e3o e profissionais de sa\u00fade. O monitoramento de Portos e Aeroportos s\u00e3o realizados pela Anvisa. A Nota T\u00e9cnica ser\u00e1 publicada nesta segunda-feira, 27 de janeiro, segundo as orienta\u00e7\u00f5es da Organiza\u00e7\u00e3o Mundial da Sa\u00fade e do Minist\u00e9rio da Sa\u00fade.<\/p>\n\n\n\n<p>O secret\u00e1rio estadual de Sa\u00fade, Geraldo Medeiros, afirma que &#8220;n\u00f3s temos, na rede estadual, uma estrutura hospitalar preparada para atender casos suspeitos de Coronav\u00edrus que \u00e9 o Complexo de Doen\u00e7as Infectocontagiosas Clementino Fraga, em Jo\u00e3o Pessoa. Ent\u00e3o qualquer caso que se encaixe no perfil deve ser solicitado a transfer\u00eancia para este servi\u00e7o&#8221;. Na eventualidade de ser identificado alguma v\u00edtima em outro servi\u00e7o da rede, est\u00e1 previsto at\u00e9 o transporte aerom\u00e9dico para garantir o melhor tratamento dispon\u00edvel para este paciente. &#8220;N\u00f3s estamos atentos ao que acontece no mundo e preparados&#8221;, garante o secret\u00e1rio.<\/p>\n\n\n\n<p>O secret\u00e1rio tamb\u00e9m falou sobre a possibilidade de adquirir Equipamentos de Prote\u00e7\u00e3o Individual (EPI) em maior volume, caso seja necess\u00e1rio. al\u00e9m de aumentar a vigil\u00e2ncia em portos, aeroportos e fronteiras, como sugere o protocolo do Minist\u00e9rio da Sa\u00fade. &#8220;Se for necess\u00e1rio, iremos aderir a uma ata para aquisi\u00e7\u00e3o de EPI para proteger pacientes e profissionais&#8221;.<\/p>\n\n\n\n<p>Sobre os sintomas, \u00e9 recomendado a popula\u00e7\u00e3o que &#8220;se tiver febre, tosse ou dificuldade para respirar, dentro de um per\u00edodo de 14 dias ap\u00f3s viagem para China ou contato direto com pessoa com caso confirmado de Coronav\u00edrus, deve buscar imediatamente um servi\u00e7o de sa\u00fade&#8221;, alerta o secret\u00e1rio.<\/p>\n\n\n\n<p><strong>Sobre o Coronav\u00edrus<\/strong>&nbsp;&#8211; Coronav\u00edrus \u00e9 um v\u00edrus que tem causado doen\u00e7a respirat\u00f3ria pelo agente coronav\u00edrus, recentemente identificado na China. Os Coronav\u00edrus s\u00e3o uma grande fam\u00edlia viral, conhecidos desde meados de 1960, que causam infec\u00e7\u00f5es respirat\u00f3rias em serem humanos e animais. Geralmente, infec\u00e7\u00f5es por Coronav\u00edrus causam doen\u00e7as respirat\u00f3rias leves a moderadas, semelhantes a um resfriado comum. Alguns coronav\u00edrus podem causar doen\u00e7as graves com impacto importante na sa\u00fade p\u00fablica como a S\u00edndrome Respirat\u00f3ria Aguda Grave (SARG), identificada em 2002 e a S\u00edndrome Respirat\u00f3ria do Oriente M\u00e9dio (MERS), identificada em 2012.<\/p>\n\n\n\n<p>At\u00e9 o momento, mais de 1.900 pessoas j\u00e1 tiveram diagn\u00f3sticos de Coronav\u00edrus confirmados na China e 49 est\u00e3o curadas. 56 mortes, todas localizadas na China, est\u00e3o relacionadas com a doen\u00e7a. 16 pa\u00edses registraram casos da doen\u00e7a, nenhum deles na Am\u00e9rica do Sul.<\/p>\n\n\n\n<p>N\u00e3o h\u00e1 nenhum medicamento espec\u00edfico para conter o Coronav\u00edrus. O tratamento indicado inclui repouso e ingest\u00e3o de l\u00edquidos, al\u00e9m de medidas para aliviar os sintomas, como analg\u00e9sicos e antit\u00e9rmicos. Nos casos de maior gravidade com pneumonia e insufici\u00eancia respirat\u00f3ria, suplemento de oxig\u00eanio e mesmo ventila\u00e7\u00e3o mec\u00e2nica podem ser necess\u00e1rios.<\/p>\n\n\n\n<p>Para reduzir o risco de infec\u00e7\u00e3o pelo novo coronav\u00edrus, a orienta\u00e7\u00e3o \u00e9 de &#8220;evitar contato pr\u00f3ximo com pessoas com infec\u00e7\u00f5es respirat\u00f3rias agudas, lavar frequentemente as m\u00e3os, especialmente ap\u00f3s contato direto com pessoas doentes ou com o meio ambiente e antes de se alimentar;&nbsp; usar len\u00e7o descart\u00e1vel para higiene nasal; cobrir nariz e boca ao espirrar ou tossir; evitar tocar nas mucosas dos olhos; higienizar as m\u00e3os ap\u00f3s tossir ou espirrar; n\u00e3o compartilhar objetos de uso pessoal, como talheres, pratos, copos ou garrafas; manter os ambientes bem ventilados;&nbsp; evitar contato pr\u00f3ximo com animais selvagens e animais doentes em fazendas ou cria\u00e7\u00f5es&#8221;, alerta o secret\u00e1rio de Sa\u00fade.<\/p>\n\n\n\n<p>Com base nas informa\u00e7\u00f5es atualmente dispon\u00edveis, a Organiza\u00e7\u00e3o Mundial da Sa\u00fade (OMS) n\u00e3o recomenda restri\u00e7\u00e3o de viagens ou com\u00e9rcio. &#8220;Devemos acompanhar as recomenda\u00e7\u00f5es, que s\u00e3o din\u00e2micas e podem mudar de um dia para outro&#8221;, esclareceu Geraldo Medeiros. O Comit\u00ea de Emerg\u00eancia da OMS declarou que \u00e9 cedo para declarar a situa\u00e7\u00e3o como emerg\u00eancia em sa\u00fade p\u00fablica de interesse internacional neste momento, devido ao n\u00famero limitado e localizado de casos e pelas medidas que j\u00e1 est\u00e3o sendo tomadas para que o surto n\u00e3o se espalhe.<\/p>\n","protected":false},"excerpt":{"rendered":"<p>Diante dos casos de doen\u00e7a respirat\u00f3ria na China, causada pelo novo Coronav\u00edrus, o Governo do Estado, por meio da Secretaria de Estado da Sa\u00fade (SES),&hellip; <\/p>\n","protected":false},"author":1,"featured_media":149235,"comment_status":"closed","ping_status":"closed","sticky":false,"template":"","format":"standard","meta":{"sfsi_plus_gutenberg_text_before_share":"","sfsi_plus_gutenberg_show_text_before_share":"","sfsi_plus_gutenberg_icon_type":"","sfsi_plus_gutenberg_icon_alignemt":"","sfsi_plus_gutenburg_max_per_row":"","footnotes":""},"categories":[16],"tags":[],"class_list":["post-149234","post","type-post","status-publish","format-standard","has-post-thumbnail","hentry","category-saude"],"_links":{"self":[{"href":"https:\/\/www.caririemacao.com\/1\/wp-json\/wp\/v2\/posts\/149234","targetHints":{"allow":["GET"]}}],"collection":[{"href":"https:\/\/www.caririemacao.com\/1\/wp-json\/wp\/v2\/posts"}],"about":[{"href":"https:\/\/www.caririemacao.com\/1\/wp-json\/wp\/v2\/types\/post"}],"author":[{"embeddable":true,"href":"https:\/\/www.caririemacao.com\/1\/wp-json\/wp\/v2\/users\/1"}],"replies":[{"embeddable":true,"href":"https:\/\/www.caririemacao.com\/1\/wp-json\/wp\/v2\/comments?post=149234"}],"version-history":[{"count":1,"href":"https:\/\/www.caririemacao.com\/1\/wp-json\/wp\/v2\/posts\/149234\/revisions"}],"predecessor-version":[{"id":149236,"href":"https:\/\/www.caririemacao.com\/1\/wp-json\/wp\/v2\/posts\/149234\/revisions\/149236"}],"wp:featuredmedia":[{"embeddable":true,"href":"https:\/\/www.caririemacao.com\/1\/wp-json\/wp\/v2\/media\/149235"}],"wp:attachment":[{"href":"https:\/\/www.caririemacao.com\/1\/wp-json\/wp\/v2\/media?parent=149234"}],"wp:term":[{"taxonomy":"category","embeddable":true,"href":"https:\/\/www.caririemacao.com\/1\/wp-json\/wp\/v2\/categories?post=149234"},{"taxonomy":"post_tag","embeddable":true,"href":"https:\/\/www.caririemacao.com\/1\/wp-json\/wp\/v2\/tags?post=149234"}],"curies":[{"name":"wp","href":"https:\/\/api.w.org\/{rel}","templated":true}]}}