{"id":149238,"date":"2020-01-26T15:38:23","date_gmt":"2020-01-26T18:38:23","guid":{"rendered":"http:\/\/www.caririemacao.com\/1\/?p=149238"},"modified":"2020-01-26T15:38:24","modified_gmt":"2020-01-26T18:38:24","slug":"policia-prende-foragido-do-pb-1-condenado-a-85-anos-de-prisao-por-homicidios","status":"publish","type":"post","link":"https:\/\/www.caririemacao.com\/1\/2020\/01\/26\/policia-prende-foragido-do-pb-1-condenado-a-85-anos-de-prisao-por-homicidios\/","title":{"rendered":"Pol\u00edcia prende foragido do PB-1 condenado a 85 anos de pris\u00e3o por homic\u00eddios"},"content":{"rendered":"\n<p>A Pol\u00edcia Militar recapturou, no in\u00edcio da madrugada deste domingo (26), um foragido do pres\u00eddio PB-1 que responde a processos por homic\u00eddios e tem condena\u00e7\u00e3o de 85 anos de pris\u00e3o. O acusado, de 40 anos, foi localizado em um bar, na zona rural da cidade de Santana de Mangueira, no Sert\u00e3o da Para\u00edba. Ele estava foragido da unidade prisional desde setembro de 2018.<\/p>\n\n\n\n<p>Os policiais do 13\u00ba Batalh\u00e3o chegaram at\u00e9 ele depois de uma den\u00fancia an\u00f4nima, informando que havia tr\u00eas suspeitos dormindo em um bar h\u00e1 dois dias. Ao perceber a chegada da PM, o suspeito e os outros dois comparsas ainda tentaram reagir para fugir, mas foram rapidamente rendidos.&nbsp;<\/p>\n\n\n\n<p>O segundo suspeito era um homem de 43 anos, que tinha em sua ficha criminal uma condena\u00e7\u00e3o por homic\u00eddio em Pernambuco e estava com um mandado de pris\u00e3o em aberto por v\u00e1rios roubos. O terceiro, que estava sem identifica\u00e7\u00e3o, passou um nome falso e est\u00e1 sendo investigado, mas h\u00e1 possibilidade de tamb\u00e9m ser procurado pela Justi\u00e7a.<\/p>\n\n\n\n<p>\u201cAs primeiras informa\u00e7\u00f5es que temos s\u00e3o de que eles estariam planejando a\u00e7\u00f5es criminosas na regi\u00e3o, mais especificamente crimes de homic\u00eddio. A princ\u00edpio, nossos policiais da For\u00e7a T\u00e1tica, sob o comando do capit\u00e3o Luciano, n\u00e3o encontraram armas com eles, mas as dilig\u00eancias continuam para desarticular uma poss\u00edvel quadrilha da qual eles estariam fazendo parte aqui no Sert\u00e3o\u201d, destacou o comandante do 13\u00ba Batalh\u00e3o, tenente-coronel Douglas Ara\u00fajo.<\/p>\n\n\n\n<p>Os tr\u00eas suspeitos foram apresentados na Delegacia de Pol\u00edcia, em Itaporanga.<\/p>\n","protected":false},"excerpt":{"rendered":"<p>A Pol\u00edcia Militar recapturou, no in\u00edcio da madrugada deste domingo (26), um foragido do pres\u00eddio PB-1 que responde a processos por homic\u00eddios e tem condena\u00e7\u00e3o&hellip; <\/p>\n","protected":false},"author":1,"featured_media":149239,"comment_status":"closed","ping_status":"closed","sticky":false,"template":"","format":"standard","meta":{"sfsi_plus_gutenberg_text_before_share":"","sfsi_plus_gutenberg_show_text_before_share":"","sfsi_plus_gutenberg_icon_type":"","sfsi_plus_gutenberg_icon_alignemt":"","sfsi_plus_gutenburg_max_per_row":"","footnotes":""},"categories":[12],"tags":[],"class_list":["post-149238","post","type-post","status-publish","format-standard","has-post-thumbnail","hentry","category-policia"],"_links":{"self":[{"href":"https:\/\/www.caririemacao.com\/1\/wp-json\/wp\/v2\/posts\/149238","targetHints":{"allow":["GET"]}}],"collection":[{"href":"https:\/\/www.caririemacao.com\/1\/wp-json\/wp\/v2\/posts"}],"about":[{"href":"https:\/\/www.caririemacao.com\/1\/wp-json\/wp\/v2\/types\/post"}],"author":[{"embeddable":true,"href":"https:\/\/www.caririemacao.com\/1\/wp-json\/wp\/v2\/users\/1"}],"replies":[{"embeddable":true,"href":"https:\/\/www.caririemacao.com\/1\/wp-json\/wp\/v2\/comments?post=149238"}],"version-history":[{"count":1,"href":"https:\/\/www.caririemacao.com\/1\/wp-json\/wp\/v2\/posts\/149238\/revisions"}],"predecessor-version":[{"id":149240,"href":"https:\/\/www.caririemacao.com\/1\/wp-json\/wp\/v2\/posts\/149238\/revisions\/149240"}],"wp:featuredmedia":[{"embeddable":true,"href":"https:\/\/www.caririemacao.com\/1\/wp-json\/wp\/v2\/media\/149239"}],"wp:attachment":[{"href":"https:\/\/www.caririemacao.com\/1\/wp-json\/wp\/v2\/media?parent=149238"}],"wp:term":[{"taxonomy":"category","embeddable":true,"href":"https:\/\/www.caririemacao.com\/1\/wp-json\/wp\/v2\/categories?post=149238"},{"taxonomy":"post_tag","embeddable":true,"href":"https:\/\/www.caririemacao.com\/1\/wp-json\/wp\/v2\/tags?post=149238"}],"curies":[{"name":"wp","href":"https:\/\/api.w.org\/{rel}","templated":true}]}}