{"id":149252,"date":"2020-01-27T06:43:38","date_gmt":"2020-01-27T09:43:38","guid":{"rendered":"http:\/\/www.caririemacao.com\/1\/?p=149252"},"modified":"2020-01-27T06:45:03","modified_gmt":"2020-01-27T09:45:03","slug":"joao-azevedo-participa-do-pre-embarque-dos-selecionados-no-gira-mundo-estudante-o-governador-joao-azevedo-participa-nesta-segunda-feira-27-da-solenidade-de-pre-embarque-dos-300-alunos-selecionad","status":"publish","type":"post","link":"https:\/\/www.caririemacao.com\/1\/2020\/01\/27\/joao-azevedo-participa-do-pre-embarque-dos-selecionados-no-gira-mundo-estudante-o-governador-joao-azevedo-participa-nesta-segunda-feira-27-da-solenidade-de-pre-embarque-dos-300-alunos-selecionad\/","title":{"rendered":"Jo\u00e3o Azev\u00eado participa do pr\u00e9-embarque dos selecionados no Gira Mundo Estudante"},"content":{"rendered":"\n<p><\/p>\n\n\n\n<p>O governador Jo\u00e3o Azev\u00eado participa, nesta segunda-feira (27), da solenidade de pr\u00e9-embarque dos 300 alunos selecionados no Programa Gira Mundo Estudante em 2019. O evento vai acontecer \u00e0s 10h, na Sala de Concertos Maestro Jos\u00e9 Siqueira, no Espa\u00e7o Cultural Jos\u00e9 Lins do R\u00eago, em Jo\u00e3o Pessoa. Os embarques ser\u00e3o em fevereiro e mar\u00e7o. Al\u00e9m do governador, a solenidade vai contar com a presen\u00e7a dos estudantes e familiares, representantes da Secretaria de Estado da Educa\u00e7\u00e3o e Ci\u00eancia e Tecnologia, dos Consulados e programas dos pa\u00edses que fazem parceria com o programa Gira Mundo.<\/p>\n\n\n\n<p>Em 2019 foram ofertadas 300 vagas para estudantes da Rede Estadual matriculados na 2\u00aa s\u00e9rie do Ensino M\u00e9dio, sendo 20 para Col\u00f4mbia, 50 para a Espanha, 130 para o Canad\u00e1, 40 para Chile, 40 para Argentina, e 20 para Ensino T\u00e9cnico no Reino Unido. Os estudantes embarcam para Espanha, Reino Unido, Canad\u00e1 e Col\u00f4mbia em fevereiro, e para Argentina e Chile em mar\u00e7o.<\/p>\n\n\n\n<p>Durante a estadia, os estudantes moram em casas de fam\u00edlias nativas, frequentam um semestre nas escolas secund\u00e1rias e recebem uma bolsa e todo custeio de passagens, emiss\u00e3o de passaporte, visto, moradia, alimenta\u00e7\u00e3o, transporte e seguro de sa\u00fade por um per\u00edodo de cinco meses (um semestre), ofertados pelo Governo da Para\u00edba. J\u00e1 para o Reino Unido, o curso t\u00e9cnico tem dura\u00e7\u00e3o de tr\u00eas meses.<\/p>\n\n\n\n<p>Os estudantes ter\u00e3o a oportunidade de desenvolver outros idiomas, interagir com novas culturas e m\u00e9todos de ensino. Ao retornarem, se tornam multiplicadores do Programa em suas regi\u00f5es e desenvolver\u00e3o a\u00e7\u00f5es voltadas \u00e0 melhoria da educa\u00e7\u00e3o no estado da Para\u00edba.<\/p>\n","protected":false},"excerpt":{"rendered":"<p>O governador Jo\u00e3o Azev\u00eado participa, nesta segunda-feira (27), da solenidade de pr\u00e9-embarque dos 300 alunos selecionados no Programa Gira Mundo Estudante em 2019. O evento&hellip; <\/p>\n","protected":false},"author":1,"featured_media":147767,"comment_status":"closed","ping_status":"closed","sticky":false,"template":"","format":"standard","meta":{"sfsi_plus_gutenberg_text_before_share":"","sfsi_plus_gutenberg_show_text_before_share":"","sfsi_plus_gutenberg_icon_type":"","sfsi_plus_gutenberg_icon_alignemt":"","sfsi_plus_gutenburg_max_per_row":"","footnotes":""},"categories":[11],"tags":[],"class_list":["post-149252","post","type-post","status-publish","format-standard","has-post-thumbnail","hentry","category-politica"],"_links":{"self":[{"href":"https:\/\/www.caririemacao.com\/1\/wp-json\/wp\/v2\/posts\/149252","targetHints":{"allow":["GET"]}}],"collection":[{"href":"https:\/\/www.caririemacao.com\/1\/wp-json\/wp\/v2\/posts"}],"about":[{"href":"https:\/\/www.caririemacao.com\/1\/wp-json\/wp\/v2\/types\/post"}],"author":[{"embeddable":true,"href":"https:\/\/www.caririemacao.com\/1\/wp-json\/wp\/v2\/users\/1"}],"replies":[{"embeddable":true,"href":"https:\/\/www.caririemacao.com\/1\/wp-json\/wp\/v2\/comments?post=149252"}],"version-history":[{"count":2,"href":"https:\/\/www.caririemacao.com\/1\/wp-json\/wp\/v2\/posts\/149252\/revisions"}],"predecessor-version":[{"id":149254,"href":"https:\/\/www.caririemacao.com\/1\/wp-json\/wp\/v2\/posts\/149252\/revisions\/149254"}],"wp:featuredmedia":[{"embeddable":true,"href":"https:\/\/www.caririemacao.com\/1\/wp-json\/wp\/v2\/media\/147767"}],"wp:attachment":[{"href":"https:\/\/www.caririemacao.com\/1\/wp-json\/wp\/v2\/media?parent=149252"}],"wp:term":[{"taxonomy":"category","embeddable":true,"href":"https:\/\/www.caririemacao.com\/1\/wp-json\/wp\/v2\/categories?post=149252"},{"taxonomy":"post_tag","embeddable":true,"href":"https:\/\/www.caririemacao.com\/1\/wp-json\/wp\/v2\/tags?post=149252"}],"curies":[{"name":"wp","href":"https:\/\/api.w.org\/{rel}","templated":true}]}}