{"id":149266,"date":"2020-01-27T06:48:51","date_gmt":"2020-01-27T09:48:51","guid":{"rendered":"http:\/\/www.caririemacao.com\/1\/?p=149266"},"modified":"2020-01-27T06:48:54","modified_gmt":"2020-01-27T09:48:54","slug":"prefeito-inacio-nobrega-assegura-junto-ao-governo-do-estado-a-construcao-de-mais-uma-escola","status":"publish","type":"post","link":"https:\/\/www.caririemacao.com\/1\/2020\/01\/27\/prefeito-inacio-nobrega-assegura-junto-ao-governo-do-estado-a-construcao-de-mais-uma-escola\/","title":{"rendered":"Prefeito In\u00e1cio N\u00f3brega assegura junto ao governo do Estado, a constru\u00e7\u00e3o de mais uma escola"},"content":{"rendered":"\n<figure class=\"wp-block-image\"><a href=\"https:\/\/1.bp.blogspot.com\/-Pl-5YfF-Kmg\/Xi36iFD3nQI\/AAAAAAABJWk\/aHttir5RWoEdL2Y66ZUjI4u13pbR_UEwQCLcBGAsYHQ\/s1600\/IMG-20200125-WA0038.jpg\"><img decoding=\"async\" data-src=\"https:\/\/1.bp.blogspot.com\/-Pl-5YfF-Kmg\/Xi36iFD3nQI\/AAAAAAABJWk\/aHttir5RWoEdL2Y66ZUjI4u13pbR_UEwQCLcBGAsYHQ\/s640\/IMG-20200125-WA0038.jpg\" alt=\"\" src=\"data:image\/svg+xml;base64,PHN2ZyB3aWR0aD0iMSIgaGVpZ2h0PSIxIiB4bWxucz0iaHR0cDovL3d3dy53My5vcmcvMjAwMC9zdmciPjwvc3ZnPg==\" class=\"lazyload\" \/><\/a><\/figure>\n\n\n\n<p>O Prefeito In\u00e1cio N\u00f3brega assegura junto ao governo do Estado, a constru\u00e7\u00e3o de mais uma escola para Amparo.<\/p>\n\n\n\n<p>Entre as tantas idas e vindas \u00e0 capital Jo\u00e3o Pessoa, o prefeito In\u00e1cio N\u00f3brega recebeu nesta sexta-feira (24) a not\u00edcia de divulga\u00e7\u00e3o no di\u00e1rio oficial do Estado, do conv\u00eanio celebrado entre a prefeitura Municipal de Amparo e o governo do Estado para constru\u00e7\u00e3o de uma escola que atender\u00e1 a educa\u00e7\u00e3o b\u00e1sica do munic\u00edpio.<\/p>\n\n\n\n<p>Ascom<\/p>\n","protected":false},"excerpt":{"rendered":"<p>O Prefeito In\u00e1cio N\u00f3brega assegura junto ao governo do Estado, a constru\u00e7\u00e3o de mais uma escola para Amparo. Entre as tantas idas e vindas \u00e0&hellip; <\/p>\n","protected":false},"author":1,"featured_media":92198,"comment_status":"closed","ping_status":"closed","sticky":false,"template":"","format":"standard","meta":{"sfsi_plus_gutenberg_text_before_share":"","sfsi_plus_gutenberg_show_text_before_share":"","sfsi_plus_gutenberg_icon_type":"","sfsi_plus_gutenberg_icon_alignemt":"","sfsi_plus_gutenburg_max_per_row":"","footnotes":""},"categories":[6,50],"tags":[],"class_list":["post-149266","post","type-post","status-publish","format-standard","has-post-thumbnail","hentry","category-cidades","category-destaque"],"_links":{"self":[{"href":"https:\/\/www.caririemacao.com\/1\/wp-json\/wp\/v2\/posts\/149266","targetHints":{"allow":["GET"]}}],"collection":[{"href":"https:\/\/www.caririemacao.com\/1\/wp-json\/wp\/v2\/posts"}],"about":[{"href":"https:\/\/www.caririemacao.com\/1\/wp-json\/wp\/v2\/types\/post"}],"author":[{"embeddable":true,"href":"https:\/\/www.caririemacao.com\/1\/wp-json\/wp\/v2\/users\/1"}],"replies":[{"embeddable":true,"href":"https:\/\/www.caririemacao.com\/1\/wp-json\/wp\/v2\/comments?post=149266"}],"version-history":[{"count":1,"href":"https:\/\/www.caririemacao.com\/1\/wp-json\/wp\/v2\/posts\/149266\/revisions"}],"predecessor-version":[{"id":149270,"href":"https:\/\/www.caririemacao.com\/1\/wp-json\/wp\/v2\/posts\/149266\/revisions\/149270"}],"wp:featuredmedia":[{"embeddable":true,"href":"https:\/\/www.caririemacao.com\/1\/wp-json\/wp\/v2\/media\/92198"}],"wp:attachment":[{"href":"https:\/\/www.caririemacao.com\/1\/wp-json\/wp\/v2\/media?parent=149266"}],"wp:term":[{"taxonomy":"category","embeddable":true,"href":"https:\/\/www.caririemacao.com\/1\/wp-json\/wp\/v2\/categories?post=149266"},{"taxonomy":"post_tag","embeddable":true,"href":"https:\/\/www.caririemacao.com\/1\/wp-json\/wp\/v2\/tags?post=149266"}],"curies":[{"name":"wp","href":"https:\/\/api.w.org\/{rel}","templated":true}]}}