{"id":149276,"date":"2020-01-27T07:02:13","date_gmt":"2020-01-27T10:02:13","guid":{"rendered":"http:\/\/www.caririemacao.com\/1\/?p=149276"},"modified":"2020-01-27T07:02:14","modified_gmt":"2020-01-27T10:02:14","slug":"ricardo-coutinho-pode-sair-mais-forte-da-calvario-diz-ex-presidente-lula","status":"publish","type":"post","link":"https:\/\/www.caririemacao.com\/1\/2020\/01\/27\/ricardo-coutinho-pode-sair-mais-forte-da-calvario-diz-ex-presidente-lula\/","title":{"rendered":"Ricardo Coutinho pode sair mais forte da Calv\u00e1rio, diz ex-presidente Lula"},"content":{"rendered":"\n<p>Em entrevista concedida ao Uol, divulgada neste domingo (26), o ex-presidente Lula (PT) disse que o \u2018companheiro\u2019 e ex-governador da Para\u00edba, Ricardo Coutinho (PSB), pode sair da Opera\u00e7\u00e3o Calv\u00e1rio ainda mais forte. O petista tamb\u00e9m citou as condi\u00e7\u00f5es de apoiar o partido do ex-governador da Para\u00edba.<\/p>\n\n\n\n<p>\u201cO companheiro Ricardo Coutinho pode sair mais forte se for mentira o que est\u00e3o fazendo contra ele. Eu n\u00e3o perdi um ponto porque fui preso. L\u00e1 de dentro, falei o que eu tinha que falar e continuo falando: o Moro n\u00e3o foi juiz, ele foi um mentiroso no meu caso\u201d, analisou o ex-presidente.<\/p>\n\n\n\n<p>Segundo Lula, as investiga\u00e7\u00f5es da Calv\u00e1rio podem ou n\u00e3o \u2018manchar\u2019 a imagem de Coutinho. Sem citar diretamente a Opera\u00e7\u00e3o que o socialista \u00e9 apontado como chefe de uma organiza\u00e7\u00e3o criminosa, ele relembra a Opera\u00e7\u00e3o Lava Jato, a qual foi alvo.<\/p>\n\n\n\n<p>\u201cA Lava Jato, o Minist\u00e9rio P\u00fablico e a for\u00e7a tarefa n\u00e3o estavam cumprindo o papel grande que tem o Minist\u00e9rio P\u00fablico, montou-se uma pequena quadrilha para mentir e mentiram \u2014 e tudo isso vou provar\u201d, avaliou.<\/p>\n\n\n\n<p>O petista tamb\u00e9m falou sobre as elei\u00e7\u00f5es: a sigla n\u00e3o vai abrir m\u00e3o de candidatura pr\u00f3pria em Jo\u00e3o Pessoa e s\u00f3 vai apoiar o candidato do PSB ou de algum outro partido no segundo turno.<\/p>\n\n\n\n<p><strong>Confira parte da entrevista:<\/strong><\/p>\n\n\n\n<p><strong>Nesta elei\u00e7\u00e3o, h\u00e1 uma disputa muito parecida com a de 2012 em Recife, o que afastou o PSB do PT e, em 2014, Eduardo Campos comp\u00f4s com outros. Como o PT vai se posicionar nessa disputa? Ele vai apoiar o PSB ou vai lan\u00e7ar a Mar\u00edlia Arraes? Al\u00e9m disso, acabou de acontecer o caso envolvendo o ex-governador Ricardo Coutinho, que deve ter manchado a imagem dele, na Para\u00edba, um governador muito popular que esteve sempre do lado do senhor. E tamb\u00e9m tem Fortaleza, governo do Roberto Cl\u00e1udio, que sempre esteve junto com o Camilo Santana. Como \u00e9 que o PT vai se comportar em Fortaleza, Jo\u00e3o Pessoa e Recife?<\/strong><\/p>\n\n\n\n<p><em>Pegando o caso do Ricardo Coutinho, voc\u00ea falou manchou\u2026 manchou ou n\u00e3o. Quando resolvi enfrentar a mentira contada sobre mim no caso da Lava Jato, disse v\u00e1rias vezes que poderia ter sa\u00eddo do Brasil. Eu n\u00e3o sa\u00ed porque queria enfrentar a mentira, provar que o Moro \u00e9 mentiroso, e est\u00e1 sendo aprovado cada vez que ele abre a boca.<\/em><\/p>\n\n\n\n<p><em>O companheiro Ricardo Coutinho pode sair mais forte se for mentira o que est\u00e3o fazendo contra ele. Eu n\u00e3o pedi um ponto porque fui preso. L\u00e1 de dentro, falei o que eu tinha que falar e continuo falando: o Moro n\u00e3o foi juiz, ele foi um mentiroso no meu caso. A Lava Jato, o Minist\u00e9rio P\u00fablico e a for\u00e7a tarefa n\u00e3o estavam cumprindo o papel grande que tem o Minist\u00e9rio P\u00fablico, montou-se uma pequena quadrilha para mentir e mentiram \u2014 e tudo isso vou provar.<\/em><\/p>\n\n\n\n<p><em>O PT j\u00e1 apoiou o governador Eduardo Campos duas vezes. O PT apoiou o atual governador duas vezes. O PT j\u00e1 apoiou o prefeito deles duas vezes. Agora, vai ter uma elei\u00e7\u00e3o. N\u00f3s temos a Mar\u00edlia Arraes, que \u00e9 uma figura p\u00fablica importante no Estado, deputada federal. Tem o Jo\u00e3o Campos, que \u00e9 o filho de Eduardo Campos, que tamb\u00e9m quer ser candidato.<\/em><\/p>\n\n\n\n<p><em>O PT n\u00e3o pode abrir m\u00e3o de ter uma candidatura pr\u00f3pria em Recife Quando chegar em 2022, o PSB vai pedir outra ver para o PT n\u00e3o ter candidato a governador depois de quatro de quatro mandatos? Ser\u00e1 que o PT n\u00e3o pode ter a oportunidade de ter candidatura pr\u00f3pria? O PT vai ter candidatura pr\u00f3pria, a Mar\u00edlia deve ser candidata do PT. Se ela n\u00e3o for para o segundo turno, ela apoia o Jo\u00e3o Campos ou outro candidato que fizer alian\u00e7a com o PT. Isso vale para Fortaleza, Jo\u00e3o Pessoa, Natal, Salvador.<\/em><\/p>\n\n\n\n<p>Fonte: MaisPB<\/p>\n","protected":false},"excerpt":{"rendered":"<p>Em entrevista concedida ao Uol, divulgada neste domingo (26), o ex-presidente Lula (PT) disse que o \u2018companheiro\u2019 e ex-governador da Para\u00edba, Ricardo Coutinho (PSB), pode&hellip; <\/p>\n","protected":false},"author":1,"featured_media":149277,"comment_status":"closed","ping_status":"closed","sticky":false,"template":"","format":"standard","meta":{"sfsi_plus_gutenberg_text_before_share":"","sfsi_plus_gutenberg_show_text_before_share":"","sfsi_plus_gutenberg_icon_type":"","sfsi_plus_gutenberg_icon_alignemt":"","sfsi_plus_gutenburg_max_per_row":"","footnotes":""},"categories":[11],"tags":[],"class_list":["post-149276","post","type-post","status-publish","format-standard","has-post-thumbnail","hentry","category-politica"],"_links":{"self":[{"href":"https:\/\/www.caririemacao.com\/1\/wp-json\/wp\/v2\/posts\/149276","targetHints":{"allow":["GET"]}}],"collection":[{"href":"https:\/\/www.caririemacao.com\/1\/wp-json\/wp\/v2\/posts"}],"about":[{"href":"https:\/\/www.caririemacao.com\/1\/wp-json\/wp\/v2\/types\/post"}],"author":[{"embeddable":true,"href":"https:\/\/www.caririemacao.com\/1\/wp-json\/wp\/v2\/users\/1"}],"replies":[{"embeddable":true,"href":"https:\/\/www.caririemacao.com\/1\/wp-json\/wp\/v2\/comments?post=149276"}],"version-history":[{"count":1,"href":"https:\/\/www.caririemacao.com\/1\/wp-json\/wp\/v2\/posts\/149276\/revisions"}],"predecessor-version":[{"id":149278,"href":"https:\/\/www.caririemacao.com\/1\/wp-json\/wp\/v2\/posts\/149276\/revisions\/149278"}],"wp:featuredmedia":[{"embeddable":true,"href":"https:\/\/www.caririemacao.com\/1\/wp-json\/wp\/v2\/media\/149277"}],"wp:attachment":[{"href":"https:\/\/www.caririemacao.com\/1\/wp-json\/wp\/v2\/media?parent=149276"}],"wp:term":[{"taxonomy":"category","embeddable":true,"href":"https:\/\/www.caririemacao.com\/1\/wp-json\/wp\/v2\/categories?post=149276"},{"taxonomy":"post_tag","embeddable":true,"href":"https:\/\/www.caririemacao.com\/1\/wp-json\/wp\/v2\/tags?post=149276"}],"curies":[{"name":"wp","href":"https:\/\/api.w.org\/{rel}","templated":true}]}}