{"id":149280,"date":"2020-01-27T07:07:44","date_gmt":"2020-01-27T10:07:44","guid":{"rendered":"http:\/\/www.caririemacao.com\/1\/?p=149280"},"modified":"2020-01-28T13:54:10","modified_gmt":"2020-01-28T16:54:10","slug":"justica-nega-habeas-corpus-a-idoso-acusado-de-trafico-de-drogas-em-sume","status":"publish","type":"post","link":"https:\/\/www.caririemacao.com\/1\/2020\/01\/27\/justica-nega-habeas-corpus-a-idoso-acusado-de-trafico-de-drogas-em-sume\/","title":{"rendered":"Justi\u00e7a nega Habeas Corpus a idoso acusado de tr\u00e1fico de drogas em Sum\u00e9"},"content":{"rendered":"\n<p>Na quinta-feira (23\/01), a C\u00e2mara Criminal do Tribunal de Justi\u00e7a da Para\u00edba denegou, por unanimidade e em harmonia com o parecer ministerial, a ordem de Habeas Corpus n\u00ba 0812125-12.2019.815.0000 em favor de um preso por tr\u00e1fico il\u00edcito de entorpecentes e posse irregular de muni\u00e7\u00e3o de uso permitido.<\/p>\n\n\n\n<p>O relator do pedido foi o juiz convocado T\u00e9rcio Chaves de Moura.<\/p>\n\n\n\n<p>De acordo com os autos, o r\u00e9u foi preso no dia 24 de mar\u00e7o de 2019, na cidade de Sum\u00e9, Cariri paraibano, pela pr\u00e1tica, em tese, do crime previsto na Lei n\u00ba 11.343\/2006.<\/p>\n\n\n\n<p>A defesa alega que os objetos apreendidos na resid\u00eancia do paciente eram de sua namorada, sobre os quais n\u00e3o tinha ele ci\u00eancia.<\/p>\n\n\n\n<p>Aponta como condi\u00e7\u00f5es pessoais favor\u00e1veis ao paciente: ter resid\u00eancia fixa em Sap\u00e9, ocupa\u00e7\u00e3o l\u00edcita, ser idoso (maior de 70 anos de idade) e prim\u00e1rio.<\/p>\n\n\n\n<p>Por fim, pleiteou a revoga\u00e7\u00e3o da pris\u00e3o preventiva com a imposi\u00e7\u00e3o de medidas cautelares ou mesmo a decreta\u00e7\u00e3o de pris\u00e3o domiciliar ou monitoramento eletr\u00f4nico.<\/p>\n\n\n\n<p>Ao denegar o pedido, o juiz convocado, T\u00e9rcio Chaves, ressalta que est\u00e3o presentes a materialidade e os ind\u00edcios suficiente de autoria.<\/p>\n\n\n\n<p>Quanto aos atributos pessoais do paciente, invocados pela defesa, o relator afirma que, n\u00e3o s\u00e3o, por si s\u00f3s, suficientes para revogar a cust\u00f3dia cautelar, quando presentes os motivos para a sua manuten\u00e7\u00e3o.<\/p>\n\n\n\n<p>\u201cAinda que o paciente seja prim\u00e1rio, com bons antecedentes e possua resid\u00eancia fixa (condi\u00e7\u00f5es pessoais favor\u00e1veis), as circunst\u00e2ncias f\u00e1ticas, como j\u00e1 mencionado, impossibilitam a convers\u00e3o, ao considerar a exist\u00eancia de ind\u00edcios de que o acusado se dedica ao tr\u00e1fico de drogas, participando, inclusive, de organiza\u00e7\u00e3o, a evidenciar a sua periculosidade social \u201c, disse o magistrado.<\/p>\n\n\n\n<p>Desta decis\u00e3o cabe recurso.<\/p>\n","protected":false},"excerpt":{"rendered":"<p>Na quinta-feira (23\/01), a C\u00e2mara Criminal do Tribunal de Justi\u00e7a da Para\u00edba denegou, por unanimidade e em harmonia com o parecer ministerial, a ordem de&hellip; <\/p>\n","protected":false},"author":1,"featured_media":149281,"comment_status":"closed","ping_status":"closed","sticky":false,"template":"","format":"standard","meta":{"sfsi_plus_gutenberg_text_before_share":"","sfsi_plus_gutenberg_show_text_before_share":"","sfsi_plus_gutenberg_icon_type":"","sfsi_plus_gutenberg_icon_alignemt":"","sfsi_plus_gutenburg_max_per_row":"","footnotes":""},"categories":[2],"tags":[],"class_list":["post-149280","post","type-post","status-publish","format-standard","has-post-thumbnail","hentry","category-geral"],"_links":{"self":[{"href":"https:\/\/www.caririemacao.com\/1\/wp-json\/wp\/v2\/posts\/149280","targetHints":{"allow":["GET"]}}],"collection":[{"href":"https:\/\/www.caririemacao.com\/1\/wp-json\/wp\/v2\/posts"}],"about":[{"href":"https:\/\/www.caririemacao.com\/1\/wp-json\/wp\/v2\/types\/post"}],"author":[{"embeddable":true,"href":"https:\/\/www.caririemacao.com\/1\/wp-json\/wp\/v2\/users\/1"}],"replies":[{"embeddable":true,"href":"https:\/\/www.caririemacao.com\/1\/wp-json\/wp\/v2\/comments?post=149280"}],"version-history":[{"count":2,"href":"https:\/\/www.caririemacao.com\/1\/wp-json\/wp\/v2\/posts\/149280\/revisions"}],"predecessor-version":[{"id":149768,"href":"https:\/\/www.caririemacao.com\/1\/wp-json\/wp\/v2\/posts\/149280\/revisions\/149768"}],"wp:featuredmedia":[{"embeddable":true,"href":"https:\/\/www.caririemacao.com\/1\/wp-json\/wp\/v2\/media\/149281"}],"wp:attachment":[{"href":"https:\/\/www.caririemacao.com\/1\/wp-json\/wp\/v2\/media?parent=149280"}],"wp:term":[{"taxonomy":"category","embeddable":true,"href":"https:\/\/www.caririemacao.com\/1\/wp-json\/wp\/v2\/categories?post=149280"},{"taxonomy":"post_tag","embeddable":true,"href":"https:\/\/www.caririemacao.com\/1\/wp-json\/wp\/v2\/tags?post=149280"}],"curies":[{"name":"wp","href":"https:\/\/api.w.org\/{rel}","templated":true}]}}