{"id":149295,"date":"2020-01-27T07:16:34","date_gmt":"2020-01-27T10:16:34","guid":{"rendered":"http:\/\/www.caririemacao.com\/1\/?p=149295"},"modified":"2020-01-27T07:16:37","modified_gmt":"2020-01-27T10:16:37","slug":"deputado-paraibano-passa-mal-e-e-internado-em-uti","status":"publish","type":"post","link":"https:\/\/www.caririemacao.com\/1\/2020\/01\/27\/deputado-paraibano-passa-mal-e-e-internado-em-uti\/","title":{"rendered":"Deputado paraibano passa mal e \u00e9 internado em UTI"},"content":{"rendered":"\n<p>p\u00f3s ser atendido na tarde deste domingo (26) na urg\u00eancia do Hospital Regional de Cajazeiras e encaminhado para a UTI daquela unidade, o deputado estadual Jeov\u00e1 Campos (PSB), ap\u00f3s ter estabilizado seu quadro de suspeita de hemorragia digestiva, ser\u00e1 transferido para o hospital Santa Terezinha, em Sousa, para realiza\u00e7\u00e3o de endoscopia digestiva ainda neste domingo.<\/p>\n\n\n\n<figure class=\"wp-block-image\"><img decoding=\"async\" data-src=\"https:\/\/paraibaonline.com.br\/wp-content\/uploads\/2019\/03\/jeova-campos0103-567x375.jpg\" alt=\"Foto: Paraibaonline\" class=\"wp-image-592024 lazyload\" src=\"data:image\/svg+xml;base64,PHN2ZyB3aWR0aD0iMSIgaGVpZ2h0PSIxIiB4bWxucz0iaHR0cDovL3d3dy53My5vcmcvMjAwMC9zdmciPjwvc3ZnPg==\" style=\"--smush-placeholder-width: 567px; --smush-placeholder-aspect-ratio: 567\/375;\" \/><\/figure>\n\n\n\n<p>Foto: Paraibaonline<\/p>\n\n\n\n<p>A transfer\u00eancia se faz necess\u00e1ria em fun\u00e7\u00e3o de ser preciso fechar o diagn\u00f3stico que fez o parlamentar passar mal e ter uma crise de v\u00f4mitos com presen\u00e7a de sangue.<\/p>\n\n\n\n<p>Antes de ser transferido para o Santa Terezinha, Jeov\u00e1 poder\u00e1 fazer bolsas de sangue como precau\u00e7\u00e3o, se necess\u00e1rio.<\/p>\n\n\n\n<p>O HRC distribuiu Boletim M\u00e9dico no in\u00edcio da noite deste domingo destacando que o parlamentar \u2018est\u00e1 consciente e orientado e que j\u00e1 apresenta melhora no seu quadro cl\u00ednico e que a hemorragia j\u00e1 foi controlada\u2019.<\/p>\n\n\n\n<p>O deputado estava na casa de sua m\u00e3e, em Cajazeiras, se preparando para retornar a Jo\u00e3o Pessoa, quando passou mal e come\u00e7ou a vomitar. Familiares o levaram para o hospital regional onde ele teve os primeiros atendimentos.<\/p>\n\n\n\n<p>A transfer\u00eancia para Sousa se deu a pedido da fam\u00edlia e em fun\u00e7\u00e3o da necessidade da realiza\u00e7\u00e3o da endoscopia, exame que n\u00e3o \u00e9 realizado no Hospital Regional de Cajazeiras.<\/p>\n","protected":false},"excerpt":{"rendered":"<p>p\u00f3s ser atendido na tarde deste domingo (26) na urg\u00eancia do Hospital Regional de Cajazeiras e encaminhado para a UTI daquela unidade, o deputado estadual&hellip; <\/p>\n","protected":false},"author":1,"featured_media":149296,"comment_status":"closed","ping_status":"closed","sticky":false,"template":"","format":"standard","meta":{"sfsi_plus_gutenberg_text_before_share":"","sfsi_plus_gutenberg_show_text_before_share":"","sfsi_plus_gutenberg_icon_type":"","sfsi_plus_gutenberg_icon_alignemt":"","sfsi_plus_gutenburg_max_per_row":"","footnotes":""},"categories":[2],"tags":[],"class_list":["post-149295","post","type-post","status-publish","format-standard","has-post-thumbnail","hentry","category-geral"],"_links":{"self":[{"href":"https:\/\/www.caririemacao.com\/1\/wp-json\/wp\/v2\/posts\/149295","targetHints":{"allow":["GET"]}}],"collection":[{"href":"https:\/\/www.caririemacao.com\/1\/wp-json\/wp\/v2\/posts"}],"about":[{"href":"https:\/\/www.caririemacao.com\/1\/wp-json\/wp\/v2\/types\/post"}],"author":[{"embeddable":true,"href":"https:\/\/www.caririemacao.com\/1\/wp-json\/wp\/v2\/users\/1"}],"replies":[{"embeddable":true,"href":"https:\/\/www.caririemacao.com\/1\/wp-json\/wp\/v2\/comments?post=149295"}],"version-history":[{"count":1,"href":"https:\/\/www.caririemacao.com\/1\/wp-json\/wp\/v2\/posts\/149295\/revisions"}],"predecessor-version":[{"id":149297,"href":"https:\/\/www.caririemacao.com\/1\/wp-json\/wp\/v2\/posts\/149295\/revisions\/149297"}],"wp:featuredmedia":[{"embeddable":true,"href":"https:\/\/www.caririemacao.com\/1\/wp-json\/wp\/v2\/media\/149296"}],"wp:attachment":[{"href":"https:\/\/www.caririemacao.com\/1\/wp-json\/wp\/v2\/media?parent=149295"}],"wp:term":[{"taxonomy":"category","embeddable":true,"href":"https:\/\/www.caririemacao.com\/1\/wp-json\/wp\/v2\/categories?post=149295"},{"taxonomy":"post_tag","embeddable":true,"href":"https:\/\/www.caririemacao.com\/1\/wp-json\/wp\/v2\/tags?post=149295"}],"curies":[{"name":"wp","href":"https:\/\/api.w.org\/{rel}","templated":true}]}}