{"id":149299,"date":"2020-01-27T07:18:36","date_gmt":"2020-01-27T10:18:36","guid":{"rendered":"http:\/\/www.caririemacao.com\/1\/?p=149299"},"modified":"2020-01-27T07:18:38","modified_gmt":"2020-01-27T10:18:38","slug":"defesa-do-criacionismo-provoca-polemica-em-torno-de-paraibano-que-assume-a-capes","status":"publish","type":"post","link":"https:\/\/www.caririemacao.com\/1\/2020\/01\/27\/defesa-do-criacionismo-provoca-polemica-em-torno-de-paraibano-que-assume-a-capes\/","title":{"rendered":"Defesa do criacionismo provoca pol\u00eamica em torno de paraibano que assume a Capes"},"content":{"rendered":"\n<p>&nbsp;O novo presidente da&nbsp;<a href=\"https:\/\/paraibaonline.com.br\/2020\/01\/professor-da-paraiba-assume-um-dos-mais-importantes-cargos-no-mec\/\">Capes<\/a>&nbsp;(Coordena\u00e7\u00e3o de Aperfei\u00e7oamento de Pessoal de N\u00edvel Superior), \u00f3rg\u00e3o ligado ao Minist\u00e9rio da Educa\u00e7\u00e3o, defende a abordagem educacional do criacionismo em \u201ccontraponto \u00e0 teoria da evolu\u00e7\u00e3o\u201d.<\/p>\n\n\n\n<p>Evang\u00e9lico, Benedito Guimar\u00e3es Aguiar Neto era reitor da Universidade Presbiteriana Mackenzie desde 2011 e foi nomeado nesta sexta-feira (24) para compor o governo Jair Bolsonaro.<\/p>\n\n\n\n<p>No ano passado, Aguiar Neto anunciou que o Mackenzie, de S\u00e3o Paulo, ampliaria os estudos do chamado design inteligente \u2013 uma roupagem contempor\u00e2nea do criacionismo, que advoga uma natureza teol\u00f3gica da origem do universo.<\/p>\n\n\n\n<p>Desde 2017 o Mackenzie tem um n\u00facleo de estudos sobre isso. O termo design inteligente tem sido usado exatamente nas discuss\u00f5es que advogam a abordagem do tema na educa\u00e7\u00e3o. Para seus defensores, a teoria darwinista seria insuficiente para explicar a origem da vida.<\/p>\n\n\n\n<p>H\u00e1 um consenso cient\u00edfico de que design inteligente ou criacionismo n\u00e3o s\u00e3o ci\u00eancia. Em 2014, o governo do Reino Unido proibiu o ensino do criacionismo, ou design inteligente, como teoria cient\u00edfica em escolas e universidades p\u00fablicas.<\/p>\n\n\n\n<p>Em outubro passado, o Mackenzie realizou um congresso sobre design inteligente. Na ocasi\u00e3o, Aguiar Neto disse ao site da universidade que quer disseminar esse entendimento na educa\u00e7\u00e3o b\u00e1sica:<\/p>\n\n\n\n<p>\u201cQueremos colocar um contraponto \u00e0 teoria da evolu\u00e7\u00e3o e disseminar que a ideia da exist\u00eancia de um design inteligente pode estar presente a partir da educa\u00e7\u00e3o b\u00e1sica, de uma maneira que podemos, com argumentos cient\u00edficos, discutir o criacionismo\u201d.<\/p>\n\n\n\n<p>A Folha questionou o MEC e a Capes, mas n\u00e3o obteve resposta at\u00e9 a publica\u00e7\u00e3o deste texto.<br>Aguiar Neto substitui Anderson Correia, que decidiu deixar o governo Bolsonaro.<\/p>\n\n\n\n<p>Respons\u00e1vel pela p\u00f3s-gradua\u00e7\u00e3o no pa\u00eds, o \u00f3rg\u00e3o \u00e9 ligado ao MEC (Minist\u00e9rio da Educa\u00e7\u00e3o). A Capes tamb\u00e9m financia pesquisadores e, no passado, teve 8% das bolsas cortadas.<\/p>\n\n\n\n<p>Sua nomea\u00e7\u00e3o, publicada nesta sexta-feira (24) no Di\u00e1rio Oficial da Uni\u00e3o, refor\u00e7a a rela\u00e7\u00e3o do MEC com o setor privado de ensino superior e tamb\u00e9m faz um aceno a lideran\u00e7as evang\u00e9licas.<\/p>\n\n\n\n<p>Com a sa\u00edda de Anderson, o governo Bolsonaro consolida uma marca:&nbsp;todos os cargos importantes do MEC tiveram altera\u00e7\u00f5es em pouco mais de um ano de governo.&nbsp;Da equipe montada pelo ex-ministro Ricardo V\u00e9lez Rodr\u00edguez, o MEC s\u00f3 manteve o secret\u00e1rio de Alfabetiza\u00e7\u00e3o, Carlos Nadalim, apadrinhado pelo escritor Olavo de Carvalho.<\/p>\n\n\n\n<p>Aguiar Neto \u00e9 graduado e mestre em engenharia el\u00e9trica pela UFPB (Universidade Federal da Para\u00edba), doutor na \u00e1rea pela Technische Universit\u00e4t Berlin, na Alemanha, e p\u00f3s-doutorado pela Universidade de Washington, nos EUA.<\/p>\n\n\n\n<p>Ele tamb\u00e9m teve atua\u00e7\u00e3o em entidades representativas do setor privado de ensino superior. Foi&nbsp;presidente do CRUB (Conselho de Reitores das Universidades Brasileiras) e da Associa\u00e7\u00e3o Brasileira de Institui\u00e7\u00f5es Educacionais Evang\u00e9licas.<\/p>\n\n\n\n<p>O nome de Aguiar Neto j\u00e1 era dado como certo desde o fim do ano passado. O ministro da Educa\u00e7\u00e3o, Abraham Weintraub, havia recebido o professor no dia 11 de dezembro.<\/p>\n\n\n\n<p>A troca no comando da Capes era esperada desde outubro de 2019. Na \u00e9poca, a&nbsp;Folha de S.Paulo&nbsp;revelou que Anderson Correia havia se candidato para o cargo de reitor do ITA (Instituto Tecnol\u00f3gico de Aeron\u00e1utica), cargo que ocupou antes de integrar o governo Jair Bolsonaro.<\/p>\n\n\n\n<p>A nomea\u00e7\u00e3o dele saiu em dezembro e&nbsp;Correia assume o cargo na segunda-feira (27).&nbsp;Superado um distanciamento inicial, Correia, que \u00e9 evang\u00e9lico, e Weintraub se aproximaram. Na Capes, por\u00e9m, a imagem de Correia foi abalada pelos cortes de bolsas, o que culminou em protestos de servidores, e tamb\u00e9m por seu apoio aos planos de fus\u00e3o do \u00f3rg\u00e3o com o CNPq.<\/p>\n\n\n\n<p>A&nbsp;Folha de S.Paulo&nbsp;revelou no ano passado que uma decis\u00e3o at\u00edpica da Capes liberou um doutorado na Unisa, de S\u00e3o Paulo. A institui\u00e7\u00e3o \u00e9 controlada por Ant\u00f4nio Veronezi, empres\u00e1rio com estreita rela\u00e7\u00e3o com Weintraub e com o ministro da Casa Civil, Onyx Lorenzoni.<\/p>\n\n\n\n<p>Veronezi, da Unisa, diz que n\u00e3o tentou interferir no processo e que esteve na Capes, durante o per\u00edodo de an\u00e1lise, apenas para expor o novo bom momento da universidade -isso estaria sendo ignorado pelos avaliadores.<\/p>\n\n\n\n<p>\u201cEu aproveitei que conhecia o Anderson [presidente da Capes], n\u00e3o tenho nenhuma outra rela\u00e7\u00e3o com ele, disse para ele da dificuldade que estava havendo no curso de p\u00f3s-gradua\u00e7\u00e3o, que a reitora me disse que ia e voltava, ia e voltava. Falei: \u2018Olha, Anderson, vai, passa l\u00e1 e v\u00ea a realidade da institui\u00e7\u00e3o&#8217;\u201d, disse o empres\u00e1rio.<\/p>\n\n\n\n<p>Na Universidade Mackenzie, al\u00e9m de reitor, Benedito Aguiar Neto foi membro dos conselhos Deliberativo e Universit\u00e1rio. Ele tamb\u00e9m \u00e9 membro Honor\u00e1rio da For\u00e7a A\u00e9rea Brasileira, com as medalhas Amigos da Marinha e Ex\u00e9rcito Brasileiro.<\/p>\n","protected":false},"excerpt":{"rendered":"<p>&nbsp;O novo presidente da&nbsp;Capes&nbsp;(Coordena\u00e7\u00e3o de Aperfei\u00e7oamento de Pessoal de N\u00edvel Superior), \u00f3rg\u00e3o ligado ao Minist\u00e9rio da Educa\u00e7\u00e3o, defende a abordagem educacional do criacionismo em \u201ccontraponto&hellip; <\/p>\n","protected":false},"author":1,"featured_media":149300,"comment_status":"closed","ping_status":"closed","sticky":false,"template":"","format":"standard","meta":{"sfsi_plus_gutenberg_text_before_share":"","sfsi_plus_gutenberg_show_text_before_share":"","sfsi_plus_gutenberg_icon_type":"","sfsi_plus_gutenberg_icon_alignemt":"","sfsi_plus_gutenburg_max_per_row":"","footnotes":""},"categories":[2],"tags":[],"class_list":["post-149299","post","type-post","status-publish","format-standard","has-post-thumbnail","hentry","category-geral"],"_links":{"self":[{"href":"https:\/\/www.caririemacao.com\/1\/wp-json\/wp\/v2\/posts\/149299","targetHints":{"allow":["GET"]}}],"collection":[{"href":"https:\/\/www.caririemacao.com\/1\/wp-json\/wp\/v2\/posts"}],"about":[{"href":"https:\/\/www.caririemacao.com\/1\/wp-json\/wp\/v2\/types\/post"}],"author":[{"embeddable":true,"href":"https:\/\/www.caririemacao.com\/1\/wp-json\/wp\/v2\/users\/1"}],"replies":[{"embeddable":true,"href":"https:\/\/www.caririemacao.com\/1\/wp-json\/wp\/v2\/comments?post=149299"}],"version-history":[{"count":1,"href":"https:\/\/www.caririemacao.com\/1\/wp-json\/wp\/v2\/posts\/149299\/revisions"}],"predecessor-version":[{"id":149301,"href":"https:\/\/www.caririemacao.com\/1\/wp-json\/wp\/v2\/posts\/149299\/revisions\/149301"}],"wp:featuredmedia":[{"embeddable":true,"href":"https:\/\/www.caririemacao.com\/1\/wp-json\/wp\/v2\/media\/149300"}],"wp:attachment":[{"href":"https:\/\/www.caririemacao.com\/1\/wp-json\/wp\/v2\/media?parent=149299"}],"wp:term":[{"taxonomy":"category","embeddable":true,"href":"https:\/\/www.caririemacao.com\/1\/wp-json\/wp\/v2\/categories?post=149299"},{"taxonomy":"post_tag","embeddable":true,"href":"https:\/\/www.caririemacao.com\/1\/wp-json\/wp\/v2\/tags?post=149299"}],"curies":[{"name":"wp","href":"https:\/\/api.w.org\/{rel}","templated":true}]}}