{"id":149303,"date":"2020-01-27T07:20:34","date_gmt":"2020-01-27T10:20:34","guid":{"rendered":"http:\/\/www.caririemacao.com\/1\/?p=149303"},"modified":"2020-01-27T07:20:36","modified_gmt":"2020-01-27T10:20:36","slug":"raposa-atropela-perilima-e-dispara-na-lideranca-do-grupo-b","status":"publish","type":"post","link":"https:\/\/www.caririemacao.com\/1\/2020\/01\/27\/raposa-atropela-perilima-e-dispara-na-lideranca-do-grupo-b\/","title":{"rendered":"Raposa atropela Perilima e dispara na lideran\u00e7a do Grupo B"},"content":{"rendered":"\n<p>O carimbo rubro-negro voltou a funcionar na tarde deste domingo (26).<\/p>\n\n\n\n<p>Em partida de muitos gols no Amig\u00e3o, o Campinense bateu a Perilima por 3 a 1, mesmo placas da vit\u00f3ria da estreia, e disparou na lideran\u00e7a do Grupo B do Paraibano 2020.<\/p>\n\n\n\n<p>Rafael Ibiapino, duas vezes, ainda no primeiro tempo, e Vit\u00e3o, na etapa complementar, anotaram os tentos raposeiros.<\/p>\n\n\n\n<p>Coube a Biringueta descontar para \u00c1guia aos 17 minutos do segundo tempo.<\/p>\n\n\n\n<p>O Campinense disparou na ponta da chave e agora tem seis pontos. J\u00e1 Rafael Ibiapino assumiu a artilharia isolada do estadual, com tr\u00eas tentos anotados.<\/p>\n\n\n\n<figure class=\"wp-block-image\"><img decoding=\"async\" data-src=\"https:\/\/paraibaonline.com.br\/wp-content\/uploads\/2020\/01\/campinense1-2-556x417.jpg\" alt=\"Foto: Ascom\/Campinense\" class=\"wp-image-833135 lazyload\" src=\"data:image\/svg+xml;base64,PHN2ZyB3aWR0aD0iMSIgaGVpZ2h0PSIxIiB4bWxucz0iaHR0cDovL3d3dy53My5vcmcvMjAwMC9zdmciPjwvc3ZnPg==\" style=\"--smush-placeholder-width: 556px; --smush-placeholder-aspect-ratio: 556\/417;\" \/><\/figure>\n\n\n\n<p>Foto: Ascom\/Campinense<\/p>\n\n\n\n<p>Ficha t\u00e9cnica<\/p>\n\n\n\n<p>Perilima 1 x 3 Campinense<\/p>\n\n\n\n<p>Data: 26\/01\/2020 \u2013 16h<br>Local: Est\u00e1dio Amig\u00e3o \/ Campina Grande<br>Competi\u00e7\u00e3o: Campeonato Paraibano 2020 (2\u00aa rodada)<\/p>\n\n\n\n<p>\u00c1rbitro: Gustavo Estev\u00e3o; Luiz Felipe e Wlademir Cunha.<\/p>\n\n\n\n<p>Gols: Rafael Ibiapino (aos 5\u2019 e aos 11\u2019 do 1\u00baT) e Vit\u00e3o (aos 12\u2019 do 2\u00baT) para o Campinense; Birungueta (aos 17\u2019 do 2\u00baT) para a Perilima.<\/p>\n\n\n\n<p>Cart\u00f5es amarelos: Dudu Para\u00edba (Perilima)<\/p>\n\n\n\n<p>Perilima: Conrado, Edy (Denilson), Thiago Bob, Lucas Bahia (Igor Balotelli) e Dudu Para\u00edba; Negretti, Fernandes, Birungueta e Marcelinho Para\u00edba; Lucas Silva e Igor Ruan (D\u00eanis). T\u00e9cnico: Arthur Bernardes.<\/p>\n\n\n\n<p>Campinense: Adilson J\u00fanior, Igor (Z\u00e9 Paulo), Vit\u00e3o, Uesles e Matheus Camargo; Peu, Robertinho (Gabriel Vieira), Matheus Silva e Rom\u00e1rio Becker (Jairo); Allef e Rafael Ibiapino. T\u00e9cnico: Oliveira Canind\u00e9.<\/p>\n","protected":false},"excerpt":{"rendered":"<p>O carimbo rubro-negro voltou a funcionar na tarde deste domingo (26). Em partida de muitos gols no Amig\u00e3o, o Campinense bateu a Perilima por 3&hellip; <\/p>\n","protected":false},"author":1,"featured_media":149304,"comment_status":"closed","ping_status":"closed","sticky":false,"template":"","format":"standard","meta":{"sfsi_plus_gutenberg_text_before_share":"","sfsi_plus_gutenberg_show_text_before_share":"","sfsi_plus_gutenberg_icon_type":"","sfsi_plus_gutenberg_icon_alignemt":"","sfsi_plus_gutenburg_max_per_row":"","footnotes":""},"categories":[13],"tags":[],"class_list":["post-149303","post","type-post","status-publish","format-standard","has-post-thumbnail","hentry","category-esportes"],"_links":{"self":[{"href":"https:\/\/www.caririemacao.com\/1\/wp-json\/wp\/v2\/posts\/149303","targetHints":{"allow":["GET"]}}],"collection":[{"href":"https:\/\/www.caririemacao.com\/1\/wp-json\/wp\/v2\/posts"}],"about":[{"href":"https:\/\/www.caririemacao.com\/1\/wp-json\/wp\/v2\/types\/post"}],"author":[{"embeddable":true,"href":"https:\/\/www.caririemacao.com\/1\/wp-json\/wp\/v2\/users\/1"}],"replies":[{"embeddable":true,"href":"https:\/\/www.caririemacao.com\/1\/wp-json\/wp\/v2\/comments?post=149303"}],"version-history":[{"count":1,"href":"https:\/\/www.caririemacao.com\/1\/wp-json\/wp\/v2\/posts\/149303\/revisions"}],"predecessor-version":[{"id":149305,"href":"https:\/\/www.caririemacao.com\/1\/wp-json\/wp\/v2\/posts\/149303\/revisions\/149305"}],"wp:featuredmedia":[{"embeddable":true,"href":"https:\/\/www.caririemacao.com\/1\/wp-json\/wp\/v2\/media\/149304"}],"wp:attachment":[{"href":"https:\/\/www.caririemacao.com\/1\/wp-json\/wp\/v2\/media?parent=149303"}],"wp:term":[{"taxonomy":"category","embeddable":true,"href":"https:\/\/www.caririemacao.com\/1\/wp-json\/wp\/v2\/categories?post=149303"},{"taxonomy":"post_tag","embeddable":true,"href":"https:\/\/www.caririemacao.com\/1\/wp-json\/wp\/v2\/tags?post=149303"}],"curies":[{"name":"wp","href":"https:\/\/api.w.org\/{rel}","templated":true}]}}