{"id":149307,"date":"2020-01-27T07:22:37","date_gmt":"2020-01-27T10:22:37","guid":{"rendered":"http:\/\/www.caririemacao.com\/1\/?p=149307"},"modified":"2020-01-27T07:22:39","modified_gmt":"2020-01-27T10:22:39","slug":"lula-detona-a-rede-globo-e-referenda-criticas-do-presidente-bolsonaro-a-imprensa","status":"publish","type":"post","link":"https:\/\/www.caririemacao.com\/1\/2020\/01\/27\/lula-detona-a-rede-globo-e-referenda-criticas-do-presidente-bolsonaro-a-imprensa\/","title":{"rendered":"Lula detona a Rede Globo e referenda cr\u00edticas do presidente Bolsonaro \u00e0 imprensa"},"content":{"rendered":"\n<p>&nbsp;O&nbsp;<a href=\"https:\/\/paraibaonline.com.br\/2020\/01\/ex-presidente-lula-manda-o-pt-se-aproximar-dos-evangelicos\/\">ex-presidente Luiz In\u00e1cio Lula da Silva<\/a>&nbsp;(PT) citou o nazismo ao falar sobre o tratamento jornal\u00edstico dado pela TV Globo \u00e0s mensagens da Lava Jato obtidas pelo site The Intercept Brasil. Para ele, o presidente Jair Bolsonaro (sem partido) faz algumas cr\u00edticas \u00e0 emissora que s\u00e3o corretas.<\/p>\n\n\n\n<p>As declara\u00e7\u00f5es foram dadas em entrevista ao UOL publicada neste domingo (26).<\/p>\n\n\n\n<p>Questionado sobre os ataques de Bolsonaro a jornalistas, Lula afirmou que, durante seu governo, de 2003 a 2010, houve \u201cum momento de oito anos de pensamento \u00fanico contra o Lula\u201d.<\/p>\n\n\n\n<p>Em seguida, relacionou ao nazismo \u00e0 cobertura jornal\u00edstica da TV Globo sobre as mensagens obtidas pelo Intercept e divulgadas pelo site em parceria com outros ve\u00edculos, como a Folha. Os di\u00e1logos colocaram em d\u00favida a imparcialidade do ent\u00e3o juiz Sergio Moro ao expor sua atua\u00e7\u00e3o nos bastidores, em parceria com policiais e procuradores na linha de frente das investiga\u00e7\u00f5es.<\/p>\n\n\n\n<p>\u201cO que a Globo est\u00e1 fazendo com o Intercept, era capaz que o nazismo n\u00e3o fizesse. Ela s\u00f3 teve coragem de citar o Intercept duas vezes: quando o Intercept publicou o nome do Faust\u00e3o, que acho que tinha dado aula pro Moro, e quando foi citar o nome do Roberto D\u2019\u00c1vila, que tinha trabalhado para arrecadar dinheiro para o meu filme. A Globo n\u00e3o fez sequer mat\u00e9ria contra a fajutice da den\u00fancia do Minist\u00e9rio P\u00fablico [contra o jornalista Glenn Greenwald, diretor do site]. Ent\u00e3o, isso \u00e9 censura\u201d, disse Lula.<\/p>\n\n\n\n<p>Os di\u00e1logos dos procuradores da Lava Jato, por\u00e9m, foram alvo de reportagens do programa Fant\u00e1stico, da TV Globo, quando da revela\u00e7\u00e3o das primeiras mensagens. A den\u00fancia do Minist\u00e9rio P\u00fablico contra Glenn tamb\u00e9m foi noticiada pela emissora.<\/p>\n\n\n\n<p>Em nota, a emissora afirma que Lula \u201cdeveria se informar melhor antes de fazer afirma\u00e7\u00f5es falsas\u201d.<\/p>\n\n\n\n<figure class=\"wp-block-image\"><img decoding=\"async\" data-src=\"https:\/\/paraibaonline.com.br\/wp-content\/uploads\/2019\/08\/lula1208-567x378.jpg\" alt=\"Foto: Ascom\" class=\"wp-image-757616 lazyload\" src=\"data:image\/svg+xml;base64,PHN2ZyB3aWR0aD0iMSIgaGVpZ2h0PSIxIiB4bWxucz0iaHR0cDovL3d3dy53My5vcmcvMjAwMC9zdmciPjwvc3ZnPg==\" style=\"--smush-placeholder-width: 567px; --smush-placeholder-aspect-ratio: 567\/378;\" \/><\/figure>\n\n\n\n<p>Foto: Ascom<\/p>\n\n\n\n<p>\u201cA Globo cobriu amplamente as den\u00fancias do Intercept. A Al-Jazeera pediu em julho do ano passado um levantamento sobre a minutagem da cobertura. No levantamento, a Globo informou que, apenas de 9 de junho a 24 de julho, a emissora publicou uma hora e quarenta e tr\u00eas minutos de reportagens sobre o assunto no JN e no Fant\u00e1stico \u2013se consider\u00e1ssemos os outros telejornais esse tempo seria muitas vezes maior. E nos meses seguintes continuou publicando as novidades do caso. As reportagens est\u00e3o dispon\u00edveis no Globoplay e qualquer um pode atualizar o levantamento\u201d, afirmou.<\/p>\n\n\n\n<p>Sobre o caso da den\u00fancia contra Glenn, a Globo diz que \u201cpublicou mat\u00e9ria de sete minutos, com ampla divulga\u00e7\u00e3o \u00e0s cr\u00edticas a a\u00e7\u00e3o do procurador, inclusive um v\u00eddeo do pr\u00f3prio Glenn\u201d.<\/p>\n\n\n\n<p>A cita\u00e7\u00e3o do petista ao nazismo ocorre cerca de uma semana ap\u00f3s a demiss\u00e3o do secret\u00e1rio de Cultura Roberto Alvim, que em um v\u00eddeo copiou um trecho de discurso do ministro da Propaganda da Alemanha nazista, Joseph Goebbels.<\/p>\n\n\n\n<p>Indagado se ent\u00e3o o comportamento de Bolsonaro em rela\u00e7\u00e3o \u00e0 imprensa seria justific\u00e1vel, o petista respondeu que \u201ctem cr\u00edtica que ele faz que \u00e9 correta\u201d.<\/p>\n\n\n\n<p>\u201cAcho que tem cr\u00edtica que ele [Bolsonaro] faz que \u00e9 correta. D\u00ea a ele o mesmo direito que d\u00e1 aos outros, direito de falar, abra para ele falar. Na greve dos jornalistas de 1979, os donos de jornais descobriram que n\u00e3o precisavam tanto de jornalistas, que poderiam fazer jornalismo sem precisar do jornalista. Agora, o Bolsonaro est\u00e1 provando que \u00e9 poss\u00edvel fazer not\u00edcia sem precisar dos jornais, da televis\u00e3o. Ele faz por ele mesmo. Ali\u00e1s, o Trump j\u00e1 fez escola\u201d, continuou.<br>Lula, no entanto, criticou o fato de o presidente privilegiar as redes sociais em detrimento do atendimento \u00e0 imprensa.<\/p>\n\n\n\n<p>\u201cEu ainda respeito, marco toda semana uma entrevista. N\u00e3o acho que \u00e9 correto um presidente da Rep\u00fablica se comunicar pelo seu Twitter, um presidente da Rep\u00fablica tem a obriga\u00e7\u00e3o de prestar contas \u00e0 democracia, atendendo a imprensa. N\u00e3o aquele cafezinho formal, em que tem um general como porta-voz, que \u00e9 tudo quase militarizado. Mais do que no tempo dos militares. Marca uma entrevista livre com a imprensa e deixa a imprensa perguntar!\u201d<\/p>\n\n\n\n<p>Sobre as elei\u00e7\u00f5es de 2020, Lula falou que o PT \u201cn\u00e3o tem os grandes nomes que j\u00e1 teve na ativa\u201d e que o partido est\u00e1 disposto a fazer alian\u00e7as pol\u00edticas. Afirmou ainda que Eduardo Suplicy, que est\u00e1 reunindo assinaturas de apoio \u00e0 sua pr\u00e9-candidatura para a Prefeitura de S\u00e3o Paulo, pode surpreender.<\/p>\n\n\n\n<p>Lula deu raz\u00e3o \u00e0 Fernando Haddad, que disputou as \u00faltimas elei\u00e7\u00f5es presidenciais e, segundo o ex-presidente, n\u00e3o quer concorrer \u00e0 Prefeitura de S\u00e3o Paulo novamente. \u201cO Haddad \u00e9 um quadro muito importante, tem uma tarefa nacional e internacional importante para o PT. Acho que est\u00e1 correto em n\u00e3o querer ser candidato.\u201d<\/p>\n\n\n\n<p>O ex-presidente opinou ainda sobre o primeiro ano de Jair Bolsonaro e afirmou que, mesmo quem n\u00e3o votou em Bolsonaro deve entender que \u201cele \u00e9 presidente\u201d. Para Lula, o atual presidente deveria \u201cparar de falar bobagem\u201d e \u201cficar dando recado para o seu clube\u201d.<\/p>\n\n\n\n<p>\u201cEu vou ficar sentado na cadeira, dizendo que ele n\u00e3o presta e torcendo para que d\u00ea tudo errado? N\u00e3o. N\u00f3s temos que torcer para que estas pessoas governem pensando na maioria do povo brasileiro\u201d, afirmou ele.<\/p>\n\n\n\n<p>O petista disse ainda que Bolsonaro pode recuperar sua popularidade nos pr\u00f3ximos anos.<\/p>\n\n\n\n<p>\u201cPor isso que eu acho que a gente n\u00e3o tem que ficar perguntando se Bolsonaro cresceu, se ele caiu, ele tem que governar quatro anos, ele foi eleito para cumprir um mandato de quatro anos. E ele que governe com a maior compet\u00eancia poss\u00edvel porque, se for bem, tem o direito a ser candidato \u00e0 reelei\u00e7\u00e3o\u201d, completou.<\/p>\n","protected":false},"excerpt":{"rendered":"<p>&nbsp;O&nbsp;ex-presidente Luiz In\u00e1cio Lula da Silva&nbsp;(PT) citou o nazismo ao falar sobre o tratamento jornal\u00edstico dado pela TV Globo \u00e0s mensagens da Lava Jato obtidas&hellip; <\/p>\n","protected":false},"author":1,"featured_media":147244,"comment_status":"closed","ping_status":"closed","sticky":false,"template":"","format":"standard","meta":{"sfsi_plus_gutenberg_text_before_share":"","sfsi_plus_gutenberg_show_text_before_share":"","sfsi_plus_gutenberg_icon_type":"","sfsi_plus_gutenberg_icon_alignemt":"","sfsi_plus_gutenburg_max_per_row":"","footnotes":""},"categories":[2],"tags":[],"class_list":["post-149307","post","type-post","status-publish","format-standard","has-post-thumbnail","hentry","category-geral"],"_links":{"self":[{"href":"https:\/\/www.caririemacao.com\/1\/wp-json\/wp\/v2\/posts\/149307","targetHints":{"allow":["GET"]}}],"collection":[{"href":"https:\/\/www.caririemacao.com\/1\/wp-json\/wp\/v2\/posts"}],"about":[{"href":"https:\/\/www.caririemacao.com\/1\/wp-json\/wp\/v2\/types\/post"}],"author":[{"embeddable":true,"href":"https:\/\/www.caririemacao.com\/1\/wp-json\/wp\/v2\/users\/1"}],"replies":[{"embeddable":true,"href":"https:\/\/www.caririemacao.com\/1\/wp-json\/wp\/v2\/comments?post=149307"}],"version-history":[{"count":1,"href":"https:\/\/www.caririemacao.com\/1\/wp-json\/wp\/v2\/posts\/149307\/revisions"}],"predecessor-version":[{"id":149308,"href":"https:\/\/www.caririemacao.com\/1\/wp-json\/wp\/v2\/posts\/149307\/revisions\/149308"}],"wp:featuredmedia":[{"embeddable":true,"href":"https:\/\/www.caririemacao.com\/1\/wp-json\/wp\/v2\/media\/147244"}],"wp:attachment":[{"href":"https:\/\/www.caririemacao.com\/1\/wp-json\/wp\/v2\/media?parent=149307"}],"wp:term":[{"taxonomy":"category","embeddable":true,"href":"https:\/\/www.caririemacao.com\/1\/wp-json\/wp\/v2\/categories?post=149307"},{"taxonomy":"post_tag","embeddable":true,"href":"https:\/\/www.caririemacao.com\/1\/wp-json\/wp\/v2\/tags?post=149307"}],"curies":[{"name":"wp","href":"https:\/\/api.w.org\/{rel}","templated":true}]}}