{"id":149311,"date":"2020-01-27T09:08:04","date_gmt":"2020-01-27T12:08:04","guid":{"rendered":"http:\/\/www.caririemacao.com\/1\/?p=149311"},"modified":"2020-01-27T09:08:07","modified_gmt":"2020-01-27T12:08:07","slug":"%ef%bb%bfobras-dos-portais-de-acesso-a-cidade-de-caraubas-entram-em-fase-de-conclusao","status":"publish","type":"post","link":"https:\/\/www.caririemacao.com\/1\/2020\/01\/27\/%ef%bb%bfobras-dos-portais-de-acesso-a-cidade-de-caraubas-entram-em-fase-de-conclusao\/","title":{"rendered":"\ufeffObras dos portais de acesso a cidade de Cara\u00fabas entram em fase de conclus\u00e3o"},"content":{"rendered":"\n<p>A Prefeitura Municipal de Cara\u00fabas atrav\u00e9s da SETur \u2013Secretaria do Turismo e a SOPSUR \u2013 Secretaria de Obras P\u00fablicas e Servi\u00e7os Urbanos estimam que at\u00e9 a primeira semana do pr\u00f3ximo m\u00eas de Fevereiro a construtora AF Engenharia estar\u00e1 concluindo as obras de constru\u00e7\u00e3o dos 03(tr\u00eas) portais de acesso a cidade de Cara\u00fabas.<\/p>\n\n\n\n<div class=\"wp-block-image\"><figure class=\"alignright\"><img decoding=\"async\" data-src=\"http:\/\/deolhonocariri.com.br\/wp-content\/uploads\/2020\/01\/83032045_2541029566006151_5238043780925358080_n.jpg\" alt=\"\" class=\"wp-image-76729 lazyload\" src=\"data:image\/svg+xml;base64,PHN2ZyB3aWR0aD0iMSIgaGVpZ2h0PSIxIiB4bWxucz0iaHR0cDovL3d3dy53My5vcmcvMjAwMC9zdmciPjwvc3ZnPg==\" \/><\/figure><\/div>\n\n\n\n<p>Uma obra estimada em R$ 304.000,00 (Trezentos e Quatro Mil Reais) oriunda de recursos do Minist\u00e9rio do Turismo atrav\u00e9s de Emenda Parlamentar apresentada pelo senador Jos\u00e9 Maranh\u00e3o ainda no ano de 2016 e que somente em 2018 pode ser licitada e contratada a empresa para edifica\u00e7\u00e3o da obra.<\/p>\n\n\n\n<p>De acordo com a engenheira civil, Marina Borges de Oliveira, a Prefeitura de Cara\u00fabas foi respons\u00e1vel pelo projeto de arquitetura, de engenharia e executivo, algo que inexistia quando da posse da atual gest\u00e3o. Gra\u00e7as a uma parceira entre v\u00e1rias secretarias dentre as quais, Planejamento, Educa\u00e7\u00e3o, Turismo e Obras P\u00fablicas foi poss\u00edvel v\u00e1rias a\u00e7\u00f5es conjuntas que transformaram um sonho numa realidade.<\/p>\n\n\n\n<p>Um edital foi elaborado para que alunos da rede p\u00fablica municipal de ensino fossem os respons\u00e1veis por apresentar a id\u00e9ia do que seriam os portais de acesso a cidade de Cara\u00fabas, desde que cumprindo requisitos m\u00ednimos estipulados pelo cadastro junto ao MTur, a exemplo, das riquezas naturais, culturais, econ\u00f4micas e tur\u00edsticas do munic\u00edpio.<\/p>\n\n\n\n<p>Concorreram mais de 100(cem) desenhos elaborados pelos alunos do munic\u00edpio, que foram avaliados por uma comiss\u00e3o formada por historiadores, professores e de pessoas ligadas ao patrim\u00f4nio municipal. Ap\u00f3s an\u00e1lise minuciosa foram selecionados e escolhidos 03(tr\u00eas) desenhos que tiveram de passar por uma adapta\u00e7\u00e3o arquitet\u00f4nica e de engenharia para que pudessem ser edificados.<\/p>\n\n\n\n<p>De acordo com a secret\u00e1rio do Planejamento, Eduardo Belo, as tr\u00eas alunas selecionadas receber\u00e3o um pr\u00eamio a ser entregue pelo prefeito Silvano Dudu quando da inaugura\u00e7\u00e3o das obras dos portais que dever\u00e1 acontecer no pr\u00f3ximo m\u00eas de mar\u00e7o do corrente.<\/p>\n\n\n\n<p><em>Seplacom<\/em><\/p>\n","protected":false},"excerpt":{"rendered":"<p>A Prefeitura Municipal de Cara\u00fabas atrav\u00e9s da SETur \u2013Secretaria do Turismo e a SOPSUR \u2013 Secretaria de Obras P\u00fablicas e Servi\u00e7os Urbanos estimam que at\u00e9&hellip; <\/p>\n","protected":false},"author":1,"featured_media":149312,"comment_status":"closed","ping_status":"closed","sticky":false,"template":"","format":"standard","meta":{"sfsi_plus_gutenberg_text_before_share":"","sfsi_plus_gutenberg_show_text_before_share":"","sfsi_plus_gutenberg_icon_type":"","sfsi_plus_gutenberg_icon_alignemt":"","sfsi_plus_gutenburg_max_per_row":"","footnotes":""},"categories":[6],"tags":[],"class_list":["post-149311","post","type-post","status-publish","format-standard","has-post-thumbnail","hentry","category-cidades"],"_links":{"self":[{"href":"https:\/\/www.caririemacao.com\/1\/wp-json\/wp\/v2\/posts\/149311","targetHints":{"allow":["GET"]}}],"collection":[{"href":"https:\/\/www.caririemacao.com\/1\/wp-json\/wp\/v2\/posts"}],"about":[{"href":"https:\/\/www.caririemacao.com\/1\/wp-json\/wp\/v2\/types\/post"}],"author":[{"embeddable":true,"href":"https:\/\/www.caririemacao.com\/1\/wp-json\/wp\/v2\/users\/1"}],"replies":[{"embeddable":true,"href":"https:\/\/www.caririemacao.com\/1\/wp-json\/wp\/v2\/comments?post=149311"}],"version-history":[{"count":1,"href":"https:\/\/www.caririemacao.com\/1\/wp-json\/wp\/v2\/posts\/149311\/revisions"}],"predecessor-version":[{"id":149313,"href":"https:\/\/www.caririemacao.com\/1\/wp-json\/wp\/v2\/posts\/149311\/revisions\/149313"}],"wp:featuredmedia":[{"embeddable":true,"href":"https:\/\/www.caririemacao.com\/1\/wp-json\/wp\/v2\/media\/149312"}],"wp:attachment":[{"href":"https:\/\/www.caririemacao.com\/1\/wp-json\/wp\/v2\/media?parent=149311"}],"wp:term":[{"taxonomy":"category","embeddable":true,"href":"https:\/\/www.caririemacao.com\/1\/wp-json\/wp\/v2\/categories?post=149311"},{"taxonomy":"post_tag","embeddable":true,"href":"https:\/\/www.caririemacao.com\/1\/wp-json\/wp\/v2\/tags?post=149311"}],"curies":[{"name":"wp","href":"https:\/\/api.w.org\/{rel}","templated":true}]}}