{"id":149317,"date":"2020-01-27T09:10:49","date_gmt":"2020-01-27T12:10:49","guid":{"rendered":"http:\/\/www.caririemacao.com\/1\/?p=149317"},"modified":"2020-01-27T09:10:52","modified_gmt":"2020-01-27T12:10:52","slug":"vandalos-voltam-a-derrubar-placas-de-sinalizacao-de-rodovia-no-cariri-e-populacao-faz-alerta-sobre-buracos-na-pista","status":"publish","type":"post","link":"https:\/\/www.caririemacao.com\/1\/2020\/01\/27\/vandalos-voltam-a-derrubar-placas-de-sinalizacao-de-rodovia-no-cariri-e-populacao-faz-alerta-sobre-buracos-na-pista\/","title":{"rendered":"V\u00e2ndalos voltam a derrubar placas de sinaliza\u00e7\u00e3o de rodovia no Cariri e popula\u00e7\u00e3o faz alerta sobre buracos na pista"},"content":{"rendered":"\n<p>A equipe de reportagem do\u00a0<strong>Portal<\/strong>\u00a0apurou na manh\u00e3 desta segunda-feira(27), que durante os \u00faltimos dias, uma a\u00e7\u00e3o de puro vandalismo voltou a acontecer em rodovia situada na regi\u00e3o do cariri paraibano.<\/p>\n\n\n\n<div class=\"wp-block-image\"><figure class=\"alignright\"><img decoding=\"async\" data-src=\"http:\/\/deolhonocariri.com.br\/wp-content\/uploads\/2020\/01\/84626969_2961739953871415_4088871593789358080_n.jpg\" alt=\"\" class=\"wp-image-77000 lazyload\" src=\"data:image\/svg+xml;base64,PHN2ZyB3aWR0aD0iMSIgaGVpZ2h0PSIxIiB4bWxucz0iaHR0cDovL3d3dy53My5vcmcvMjAwMC9zdmciPjwvc3ZnPg==\" \/><\/figure><\/div>\n\n\n\n<p>O ato de vandalismo resultou na derrubada da maioria das placas de sinaliza\u00e7\u00e3o na rodovia PB-186 que liga as cidades de S\u00e3o Domingos do Cariri \u00e0 Cabaceiras, ficando o trecho, sem qualquer sinaliza\u00e7\u00e3o.<\/p>\n\n\n\n<p>As placas foram na maioria derrubadas, em uma das imagens uma placa de sinaliza\u00e7\u00e3o indicativa foi colocada nas proximidades de uma cerca, ficando fora do per\u00edmetro da rodovia.<\/p>\n\n\n\n<p>Em mar\u00e7o de 2019, casos de vandalismo tamb\u00e9m foram registrados na mesma rodovia PB-186 que liga as cidades de Cara\u00fabas \u00e0 S\u00e3o Domingos do Cariri e tamb\u00e9m no trecho que liga as cidades de S\u00e3o Domingos do Cariri \u00e0 Cabaceiras.<\/p>\n\n\n\n<p>A principal suspeita \u00e9 que a destrui\u00e7\u00e3o tenha sido realizada por pessoas que agem como v\u00e2ndalos, n\u00e3o respeitando o patrim\u00f4nio p\u00fablico, que afinal \u00e9 edificado com dinheiro do contribuinte, n\u00e3o sendo portando aceit\u00e1vel tal atitude de pessoas sem consci\u00eancia e que n\u00e3o valorizam o bem comum.<\/p>\n\n\n\n<div class=\"wp-block-image\"><figure class=\"aligncenter\"><img decoding=\"async\" data-src=\"http:\/\/deolhonocariri.com.br\/wp-content\/uploads\/2020\/01\/84170859_2961740053871405_3809711286623666176_n.jpg\" alt=\"\" class=\"wp-image-77002 lazyload\" src=\"data:image\/svg+xml;base64,PHN2ZyB3aWR0aD0iMSIgaGVpZ2h0PSIxIiB4bWxucz0iaHR0cDovL3d3dy53My5vcmcvMjAwMC9zdmciPjwvc3ZnPg==\" \/><\/figure><\/div>\n\n\n\n<div class=\"wp-block-image\"><figure class=\"aligncenter\"><img decoding=\"async\" data-src=\"http:\/\/deolhonocariri.com.br\/wp-content\/uploads\/2020\/01\/83227550_2961739783871432_3782660959823200256_n.jpg\" alt=\"\" class=\"wp-image-77001 lazyload\" src=\"data:image\/svg+xml;base64,PHN2ZyB3aWR0aD0iMSIgaGVpZ2h0PSIxIiB4bWxucz0iaHR0cDovL3d3dy53My5vcmcvMjAwMC9zdmciPjwvc3ZnPg==\" \/><\/figure><\/div>\n\n\n\n<p>Outra importante quest\u00e3o que tamb\u00e9m chama a aten\u00e7\u00e3o de populares e condutores de ve\u00edculos que trafegam pela rodovia, s\u00e3o alguns buracos que j\u00e1 come\u00e7aram abrir na pista, deixando a popula\u00e7\u00e3o em estado de alerta.<\/p>\n\n\n\n<p>Preocupados com as duas quest\u00f5es expostas, a popula\u00e7\u00e3o das cidades de Cabaceiras e S\u00e3o Domingos do Cariri solicitam provid\u00eancias ao Departamento de Estradas de Rodagem (DER) da Para\u00edba.<\/p>\n\n\n\n<p>De Olho no Cariri<\/p>\n","protected":false},"excerpt":{"rendered":"<p>A equipe de reportagem do\u00a0Portal\u00a0apurou na manh\u00e3 desta segunda-feira(27), que durante os \u00faltimos dias, uma a\u00e7\u00e3o de puro vandalismo voltou a acontecer em rodovia situada&hellip; <\/p>\n","protected":false},"author":1,"featured_media":149319,"comment_status":"closed","ping_status":"closed","sticky":false,"template":"","format":"standard","meta":{"sfsi_plus_gutenberg_text_before_share":"","sfsi_plus_gutenberg_show_text_before_share":"","sfsi_plus_gutenberg_icon_type":"","sfsi_plus_gutenberg_icon_alignemt":"","sfsi_plus_gutenburg_max_per_row":"","footnotes":""},"categories":[50,12],"tags":[],"class_list":["post-149317","post","type-post","status-publish","format-standard","has-post-thumbnail","hentry","category-destaque","category-policia"],"_links":{"self":[{"href":"https:\/\/www.caririemacao.com\/1\/wp-json\/wp\/v2\/posts\/149317","targetHints":{"allow":["GET"]}}],"collection":[{"href":"https:\/\/www.caririemacao.com\/1\/wp-json\/wp\/v2\/posts"}],"about":[{"href":"https:\/\/www.caririemacao.com\/1\/wp-json\/wp\/v2\/types\/post"}],"author":[{"embeddable":true,"href":"https:\/\/www.caririemacao.com\/1\/wp-json\/wp\/v2\/users\/1"}],"replies":[{"embeddable":true,"href":"https:\/\/www.caririemacao.com\/1\/wp-json\/wp\/v2\/comments?post=149317"}],"version-history":[{"count":1,"href":"https:\/\/www.caririemacao.com\/1\/wp-json\/wp\/v2\/posts\/149317\/revisions"}],"predecessor-version":[{"id":149320,"href":"https:\/\/www.caririemacao.com\/1\/wp-json\/wp\/v2\/posts\/149317\/revisions\/149320"}],"wp:featuredmedia":[{"embeddable":true,"href":"https:\/\/www.caririemacao.com\/1\/wp-json\/wp\/v2\/media\/149319"}],"wp:attachment":[{"href":"https:\/\/www.caririemacao.com\/1\/wp-json\/wp\/v2\/media?parent=149317"}],"wp:term":[{"taxonomy":"category","embeddable":true,"href":"https:\/\/www.caririemacao.com\/1\/wp-json\/wp\/v2\/categories?post=149317"},{"taxonomy":"post_tag","embeddable":true,"href":"https:\/\/www.caririemacao.com\/1\/wp-json\/wp\/v2\/tags?post=149317"}],"curies":[{"name":"wp","href":"https:\/\/api.w.org\/{rel}","templated":true}]}}