{"id":149335,"date":"2020-01-27T09:22:07","date_gmt":"2020-01-27T12:22:07","guid":{"rendered":"http:\/\/www.caririemacao.com\/1\/?p=149335"},"modified":"2020-01-27T09:22:08","modified_gmt":"2020-01-27T12:22:08","slug":"dia-mundial-da-hanseniase-destaca-importancia-do-tratamento","status":"publish","type":"post","link":"https:\/\/www.caririemacao.com\/1\/2020\/01\/27\/dia-mundial-da-hanseniase-destaca-importancia-do-tratamento\/","title":{"rendered":"Dia Mundial da Hansen\u00edase destaca import\u00e2ncia do tratamento"},"content":{"rendered":"\n<p>O \u00faltimo domingo do m\u00eas de janeiro celebra o Dia Mundial contra a Hansen\u00edase. Cercada por mitos e preconceitos, a doen\u00e7a antigamente conhecida como lepra, tem cura, por\u00e9m, pode causar incapacidades f\u00edsicas se o diagn\u00f3stico for tardio ou se o tratamento for inadequado.<\/p>\n\n\n\n<p>Atualmente, o Brasil \u00e9 o&nbsp;segundo pa\u00eds com mais casos novos da doen\u00e7a, atr\u00e1s somente da \u00cdndia. Por ano, s\u00e3o registrados cerca de 30 mil casos nos estados brasileiros, incluindo adultos e crian\u00e7as.<\/p>\n\n\n\n<p>A hansen\u00edase \u00e9 uma doen\u00e7a infecciosa, contagiosa, causada pelo bacilo Mycobacterium leprae, ou bacilo de Hansen. A transmiss\u00e3o da hansen\u00edase acontece por tosse ou espirro de uma pessoa doente, que esteja sem tratamento, para outra \u2013 ap\u00f3s \u201ccontato prolongado e cont\u00ednuo\u201d, segundo o Minist\u00e9rio da Sa\u00fade.<\/p>\n\n\n\n<p>A doen\u00e7a atinge a pele e nervos perif\u00e9ricos e pode causar incapacidades e deformidades f\u00edsicas, que alimentam estigma e preconceito.<\/p>\n\n\n\n<p>Para que a doen\u00e7a se manifeste, normalmente h\u00e1 um longo per\u00edodo de incuba\u00e7\u00e3o, ou seja, um intervalo, em m\u00e9dia, de dois a sete anos, entre a contamina\u00e7\u00e3o e a manifesta\u00e7\u00e3o dos sintomas.<\/p>\n\n\n\n<p>De acordo com o Minist\u00e9rio da Sa\u00fade, j\u00e1 houve, por\u00e9m, casos at\u00edpicos, em que esse per\u00edodo foi mais curto \u2013 de sete meses \u2013 ou mais longo \u2013 de dez anos.<\/p>\n\n\n\n<p><strong>Tratamento<\/strong><\/p>\n\n\n\n<p>O diagn\u00f3stico se faz por meio de exame dermatoneurol\u00f3gico e avalia\u00e7\u00e3o neurol\u00f3gica simplificada. Os pacientes que iniciam o tratamento, que leva de seis meses a um ano, n\u00e3o transmitem a doen\u00e7a.<\/p>\n\n\n\n<p>O tratamento da doen\u00e7a n\u00e3o exige isolamento do paciente e \u00e9 ofertado gratuitamente pelo Sistema \u00danico de Sa\u00fade (SUS). A terapia \u00e9 feita por meio de Poliquimioterapia (PQT), por via oral, administrada em associa\u00e7\u00e3o com medicamentos antimicrobianos.<\/p>\n\n\n\n<p>Desde o in\u00edcio dos cuidados, a doen\u00e7a deixa de ser contagiosa. O dia 31 de janeiro \u00e9 o Dia Nacional de Combate e Preven\u00e7\u00e3o da Hansen\u00edase, data institu\u00edda pela Lei n\u00ba 12.135\/2.009.<\/p>\n\n\n\n<p>Segundo dados do Minist\u00e9rio da Sa\u00fade, em 2017, 26.875 casos novos da doen\u00e7a foram diagnosticados no Brasil, taxa de detec\u00e7\u00e3o de 12,94 por 100.000 habitantes. Do total desses casos, 1.718 (6,4%) ocorreram em pessoas menores de 15 anos. Tocantins \u00e9 o estado com maior n\u00famero de diagn\u00f3sticos.<\/p>\n","protected":false},"excerpt":{"rendered":"<p>O \u00faltimo domingo do m\u00eas de janeiro celebra o Dia Mundial contra a Hansen\u00edase. Cercada por mitos e preconceitos, a doen\u00e7a antigamente conhecida como lepra,&hellip; <\/p>\n","protected":false},"author":1,"featured_media":149336,"comment_status":"closed","ping_status":"closed","sticky":false,"template":"","format":"standard","meta":{"sfsi_plus_gutenberg_text_before_share":"","sfsi_plus_gutenberg_show_text_before_share":"","sfsi_plus_gutenberg_icon_type":"","sfsi_plus_gutenberg_icon_alignemt":"","sfsi_plus_gutenburg_max_per_row":"","footnotes":""},"categories":[50,16],"tags":[],"class_list":["post-149335","post","type-post","status-publish","format-standard","has-post-thumbnail","hentry","category-destaque","category-saude"],"_links":{"self":[{"href":"https:\/\/www.caririemacao.com\/1\/wp-json\/wp\/v2\/posts\/149335","targetHints":{"allow":["GET"]}}],"collection":[{"href":"https:\/\/www.caririemacao.com\/1\/wp-json\/wp\/v2\/posts"}],"about":[{"href":"https:\/\/www.caririemacao.com\/1\/wp-json\/wp\/v2\/types\/post"}],"author":[{"embeddable":true,"href":"https:\/\/www.caririemacao.com\/1\/wp-json\/wp\/v2\/users\/1"}],"replies":[{"embeddable":true,"href":"https:\/\/www.caririemacao.com\/1\/wp-json\/wp\/v2\/comments?post=149335"}],"version-history":[{"count":1,"href":"https:\/\/www.caririemacao.com\/1\/wp-json\/wp\/v2\/posts\/149335\/revisions"}],"predecessor-version":[{"id":149337,"href":"https:\/\/www.caririemacao.com\/1\/wp-json\/wp\/v2\/posts\/149335\/revisions\/149337"}],"wp:featuredmedia":[{"embeddable":true,"href":"https:\/\/www.caririemacao.com\/1\/wp-json\/wp\/v2\/media\/149336"}],"wp:attachment":[{"href":"https:\/\/www.caririemacao.com\/1\/wp-json\/wp\/v2\/media?parent=149335"}],"wp:term":[{"taxonomy":"category","embeddable":true,"href":"https:\/\/www.caririemacao.com\/1\/wp-json\/wp\/v2\/categories?post=149335"},{"taxonomy":"post_tag","embeddable":true,"href":"https:\/\/www.caririemacao.com\/1\/wp-json\/wp\/v2\/tags?post=149335"}],"curies":[{"name":"wp","href":"https:\/\/api.w.org\/{rel}","templated":true}]}}