{"id":149369,"date":"2020-01-27T09:33:01","date_gmt":"2020-01-27T12:33:01","guid":{"rendered":"http:\/\/www.caririemacao.com\/1\/?p=149369"},"modified":"2020-01-27T09:33:02","modified_gmt":"2020-01-27T12:33:02","slug":"valorizacao-prefeito-inacio-nobrega-confirma-pagamento-do-piso-nacional-para-os-agentes-comunitarios-de-saude","status":"publish","type":"post","link":"https:\/\/www.caririemacao.com\/1\/2020\/01\/27\/valorizacao-prefeito-inacio-nobrega-confirma-pagamento-do-piso-nacional-para-os-agentes-comunitarios-de-saude\/","title":{"rendered":"Valoriza\u00e7\u00e3o: Prefeito In\u00e1cio N\u00f3brega confirma pagamento do piso Nacional para os Agentes Comunit\u00e1rios de Sa\u00fade"},"content":{"rendered":"\n<p>Os agentes comunit\u00e1rios de sa\u00fade (ACS) de Amparo receber\u00e3o o salario do m\u00eas de Janeiro j\u00e1 com o reajuste do piso nacional. O sal\u00e1rio dos agentes de sa\u00fade passou de 1.250,00 para R$ 1.400,00, conforme o piso nacional.<\/p>\n\n\n\n<p><br>De acordo com o Prefeito In\u00e1cio N\u00f3brega, o aumento vai trazer mais dignidade e contribuir para um melhor desenvolvimento do trabalho dos agentes, que s\u00e3o profissionais que est\u00e3o diariamente junto a popula\u00e7\u00e3o.<\/p>\n\n\n\n<p><br>\u201cN\u00f3s trabalhamos duro e com muita transpar\u00eancia para garantir o pagamento do novo piso salarial. O dinheiro j\u00e1 est\u00e1 nas contas de todos os agentes. Isso \u00e9 a Prefeitura cumprindo seu papel\u201d, afirmou.<br><\/p>\n\n\n\n<p>Amparo Ligado com Dr\u00ba Elvis Bruno<\/p>\n","protected":false},"excerpt":{"rendered":"<p>Os agentes comunit\u00e1rios de sa\u00fade (ACS) de Amparo receber\u00e3o o salario do m\u00eas de Janeiro j\u00e1 com o reajuste do piso nacional. O sal\u00e1rio dos&hellip; <\/p>\n","protected":false},"author":1,"featured_media":14830,"comment_status":"closed","ping_status":"closed","sticky":false,"template":"","format":"standard","meta":{"sfsi_plus_gutenberg_text_before_share":"","sfsi_plus_gutenberg_show_text_before_share":"","sfsi_plus_gutenberg_icon_type":"","sfsi_plus_gutenberg_icon_alignemt":"","sfsi_plus_gutenburg_max_per_row":"","footnotes":""},"categories":[6],"tags":[],"class_list":["post-149369","post","type-post","status-publish","format-standard","has-post-thumbnail","hentry","category-cidades"],"_links":{"self":[{"href":"https:\/\/www.caririemacao.com\/1\/wp-json\/wp\/v2\/posts\/149369","targetHints":{"allow":["GET"]}}],"collection":[{"href":"https:\/\/www.caririemacao.com\/1\/wp-json\/wp\/v2\/posts"}],"about":[{"href":"https:\/\/www.caririemacao.com\/1\/wp-json\/wp\/v2\/types\/post"}],"author":[{"embeddable":true,"href":"https:\/\/www.caririemacao.com\/1\/wp-json\/wp\/v2\/users\/1"}],"replies":[{"embeddable":true,"href":"https:\/\/www.caririemacao.com\/1\/wp-json\/wp\/v2\/comments?post=149369"}],"version-history":[{"count":1,"href":"https:\/\/www.caririemacao.com\/1\/wp-json\/wp\/v2\/posts\/149369\/revisions"}],"predecessor-version":[{"id":149374,"href":"https:\/\/www.caririemacao.com\/1\/wp-json\/wp\/v2\/posts\/149369\/revisions\/149374"}],"wp:featuredmedia":[{"embeddable":true,"href":"https:\/\/www.caririemacao.com\/1\/wp-json\/wp\/v2\/media\/14830"}],"wp:attachment":[{"href":"https:\/\/www.caririemacao.com\/1\/wp-json\/wp\/v2\/media?parent=149369"}],"wp:term":[{"taxonomy":"category","embeddable":true,"href":"https:\/\/www.caririemacao.com\/1\/wp-json\/wp\/v2\/categories?post=149369"},{"taxonomy":"post_tag","embeddable":true,"href":"https:\/\/www.caririemacao.com\/1\/wp-json\/wp\/v2\/tags?post=149369"}],"curies":[{"name":"wp","href":"https:\/\/api.w.org\/{rel}","templated":true}]}}