{"id":149385,"date":"2020-01-27T09:47:59","date_gmt":"2020-01-27T12:47:59","guid":{"rendered":"http:\/\/www.caririemacao.com\/1\/?p=149385"},"modified":"2020-01-27T09:48:01","modified_gmt":"2020-01-27T12:48:01","slug":"oab-pb-lancara-observatorio-de-candidaturas-femininas-nas-eleicoes-deste-ano","status":"publish","type":"post","link":"https:\/\/www.caririemacao.com\/1\/2020\/01\/27\/oab-pb-lancara-observatorio-de-candidaturas-femininas-nas-eleicoes-deste-ano\/","title":{"rendered":"OAB-PB lan\u00e7ar\u00e1 Observat\u00f3rio de Candidaturas Femininas nas elei\u00e7\u00f5es deste ano"},"content":{"rendered":"\n<p>O presidente da Ordem dos Advogados do Brasil, Seccional Para\u00edba (OAB-PB), Paulo Maia; se reuniu, na tarde dessa&nbsp;quinta-feira (23), com a secret\u00e1ria geral Adjunta da Institui\u00e7\u00e3o, Carol Lopes; a presidente da Comiss\u00e3o da Mulher Advogada, M\u00f4nica Lemos; a presidente da Comiss\u00e3o de Combate \u00e0 Viol\u00eancia e Impunidade contra&nbsp; a Mulher, Izabelle Ramalho; e a coordenadora da Rede Sororidade, Francisca Leite; para definir a data de lan\u00e7amento do Observat\u00f3rio de Candidaturas Femininas nas elei\u00e7\u00f5es municipais deste ano, que ser\u00e1 criado pela OAB-PB para incentivar a participa\u00e7\u00e3o das mulheres na pol\u00edtica.&nbsp;<\/p>\n\n\n\n<p>O observat\u00f3rio ser\u00e1 lan\u00e7ado no pr\u00f3ximo dia 13 de fevereiro durante solenidade no audit\u00f3rio da OAB-PB, a partir das 16h00, com a presen\u00e7a de diversos&nbsp;\u00f3rg\u00e3os, a exemplo do Minist\u00e9rio P\u00fablico Federal (MPF) e Justi\u00e7a Eleitoral. Paulo Maia ressalta que o objetivo do observat\u00f3rio \u00e9 proporcionar divulga\u00e7\u00e3o no sentido de estimular a participa\u00e7\u00e3o das mulheres na pol\u00edtica e chamar \u00f3rg\u00e3os e entidades&nbsp;representativas da sociedade Civil a participarem da iniciativa.<\/p>\n\n\n\n<p>\u201c2020 \u00e9 uma ano eleitoral e as candidaturas femininas s\u00e3o uma realidade imposta pela legisla\u00e7\u00e3o. Os partidos devem observar uma parcela m\u00ednima de candidaturas feitas por mulheres, mas o que se v\u00ea ultimamente nas elei\u00e7\u00f5es \u00e9 a exist\u00eancias de candidaturas femininas&nbsp;falsas, forjadas e fraudadas. Por isso, a OAB da Para\u00edba est\u00e1 lan\u00e7ando esse&nbsp;Observat\u00f3rio, para, al\u00e9m de incentivar a participa\u00e7\u00e3o, tamb\u00e9m denunciar falsas candidaturas de mulheres, que deturpam o sentido das candidaturas femininas e fragiliza a inclus\u00e3o da mulheres na pol\u00edtica\u201d, explicou o presidente.<\/p>\n\n\n\n<p>Paulo Maia acrescenta que com o Observat\u00f3rio a \u201cOAB da Para\u00edba d\u00e1 seguimento ao seu hist\u00f3rico de protagonismo social, defendendo o estado democr\u00e1tico de direito, neste caso por meio das elei\u00e7\u00f5es, onde a candidatura feminina, que para al\u00e9m de simples previs\u00e3o legal, possa ser fomentada e difundida, captando mulheres que desejem ingressar na vida p\u00fablica\u201d.<\/p>\n\n\n\n<p>\u201cCom o Observat\u00f3rio n\u00f3s nos propomos a estabelecermos um mecanismo democr\u00e1tico, que congregue vigil\u00e2ncia, difus\u00e3o e den\u00fancia, permitindo que as candidaturas femininas possam florescer naturalmente, coibindo as fraudes. Nesse sentido, a sociedade civil pode contar sempre com a OAB ao seu lado, atenta na defesa desta mesma sociedade, das institui\u00e7\u00f5es e dos mecanismos que asseguram a viv\u00eancia democr\u00e1tica\u201d, ressaltou.<\/p>\n\n\n\n<p>A presidente da Comiss\u00e3o da Mulher Advogada da OAB-PB, M\u00f4nica Lemos, destaca a import\u00e2ncia do Observat\u00f3rio para fiscalizar a presen\u00e7a efetiva das candidaturas de mulheres nos partidos e coliga\u00e7\u00f5es. \u201cMuitas vezes as candidaturas de mulheres s\u00e3o forjadas apenas para fazer valer uma composi\u00e7\u00e3o de chapa e n\u00e3o efetivamente exercer uma pol\u00edtica de&nbsp; verdade em prol da mulheres, uma candidatura legitima. \u00c9 nesse sentido que o observat\u00f3rio est\u00e1 sendo criado e vai atuar, juntamente como o Minist\u00e9rio P\u00fablico e toda a sociedade civil\u201d, afirmou.<\/p>\n\n\n\n<p>J\u00e1 a presidente da Comiss\u00e3o de Combate \u00e0 Viol\u00eancia e Impunidade contra a Mulher, Izabelle Ramalho, destaca que as cotas s\u00e3o importantes para garantir e incentivar a participa\u00e7\u00e3o das mulheres na pol\u00edtica, mas essa participa\u00e7\u00e3o precisa ser real e efetiva. \u201cO observat\u00f3rio ser\u00e1 uma importante ferramenta de combate \u00e0 manipula\u00e7\u00e3o de candidaturas femininas e de incentivo ao protagonismo concreto de mulheres nos espa\u00e7os de representatividade pol\u00edtica\u201d, comentou.<\/p>\n","protected":false},"excerpt":{"rendered":"<p>O presidente da Ordem dos Advogados do Brasil, Seccional Para\u00edba (OAB-PB), Paulo Maia; se reuniu, na tarde dessa&nbsp;quinta-feira (23), com a secret\u00e1ria geral Adjunta da&hellip; <\/p>\n","protected":false},"author":1,"featured_media":149389,"comment_status":"closed","ping_status":"closed","sticky":false,"template":"","format":"standard","meta":{"sfsi_plus_gutenberg_text_before_share":"","sfsi_plus_gutenberg_show_text_before_share":"","sfsi_plus_gutenberg_icon_type":"","sfsi_plus_gutenberg_icon_alignemt":"","sfsi_plus_gutenburg_max_per_row":"","footnotes":""},"categories":[2],"tags":[],"class_list":["post-149385","post","type-post","status-publish","format-standard","has-post-thumbnail","hentry","category-geral"],"_links":{"self":[{"href":"https:\/\/www.caririemacao.com\/1\/wp-json\/wp\/v2\/posts\/149385","targetHints":{"allow":["GET"]}}],"collection":[{"href":"https:\/\/www.caririemacao.com\/1\/wp-json\/wp\/v2\/posts"}],"about":[{"href":"https:\/\/www.caririemacao.com\/1\/wp-json\/wp\/v2\/types\/post"}],"author":[{"embeddable":true,"href":"https:\/\/www.caririemacao.com\/1\/wp-json\/wp\/v2\/users\/1"}],"replies":[{"embeddable":true,"href":"https:\/\/www.caririemacao.com\/1\/wp-json\/wp\/v2\/comments?post=149385"}],"version-history":[{"count":1,"href":"https:\/\/www.caririemacao.com\/1\/wp-json\/wp\/v2\/posts\/149385\/revisions"}],"predecessor-version":[{"id":149390,"href":"https:\/\/www.caririemacao.com\/1\/wp-json\/wp\/v2\/posts\/149385\/revisions\/149390"}],"wp:featuredmedia":[{"embeddable":true,"href":"https:\/\/www.caririemacao.com\/1\/wp-json\/wp\/v2\/media\/149389"}],"wp:attachment":[{"href":"https:\/\/www.caririemacao.com\/1\/wp-json\/wp\/v2\/media?parent=149385"}],"wp:term":[{"taxonomy":"category","embeddable":true,"href":"https:\/\/www.caririemacao.com\/1\/wp-json\/wp\/v2\/categories?post=149385"},{"taxonomy":"post_tag","embeddable":true,"href":"https:\/\/www.caririemacao.com\/1\/wp-json\/wp\/v2\/tags?post=149385"}],"curies":[{"name":"wp","href":"https:\/\/api.w.org\/{rel}","templated":true}]}}