{"id":149395,"date":"2020-01-27T09:52:19","date_gmt":"2020-01-27T12:52:19","guid":{"rendered":"http:\/\/www.caririemacao.com\/1\/?p=149395"},"modified":"2020-01-27T09:52:21","modified_gmt":"2020-01-27T12:52:21","slug":"placa-mercosul-confira-o-que-muda-com-o-modelo-adotado-em-todo-o-brasil","status":"publish","type":"post","link":"https:\/\/www.caririemacao.com\/1\/2020\/01\/27\/placa-mercosul-confira-o-que-muda-com-o-modelo-adotado-em-todo-o-brasil\/","title":{"rendered":"Placa Mercosul: confira o que muda com o modelo adotado em todo o Brasil"},"content":{"rendered":"\n<p>Conforme o Denatran (Departamento Nacional de Tr\u00e2nsito), a data-limite para adequa\u00e7\u00e3o dos Detrans (Departamentos Estaduais de Tr\u00e2nsito) ao novo modelo de identifica\u00e7\u00e3o veicular est\u00e1 mantida para a pr\u00f3xima sexta-feira. N\u00e3o h\u00e1 previs\u00e3o de novo adiamento.<\/p>\n\n\n\n<p>Criado em 2014, o padr\u00e3o Mercosul j\u00e1 \u00e9 utilizado h\u00e1 mais de um ano no Brasil. A estreia foi em setembro de 2018, no Rio de Janeiro, e hoje j\u00e1 est\u00e1 dispon\u00edvel em outros dez Estados: Acre, Amazonas, Bahia, Esp\u00edrito Santo, Para\u00edba, Piau\u00ed, Paran\u00e1, Rio Grande do Norte, Rond\u00f4nia e Rio Grande do Sul.<\/p>\n\n\n\n<p>Mais de 4,8 milh\u00f5es de ve\u00edculos j\u00e1 circulam com a nova placa no Pa\u00eds, informa o Denatran. O formato tamb\u00e9m \u00e9 adotado na Argentina, no Paraguai e no Uruguai, com algumas diferen\u00e7as em rela\u00e7\u00e3o \u00e0 vers\u00e3o brasileira.<\/p>\n\n\n\n<p>Mas o que muda na vida dos brasileiros com o padr\u00e3o Mercosul? Confira abaixo quando a placa ter\u00e1 de ser instalada nos ve\u00edculos, as diferen\u00e7as para o modelo cinza no que se refere \u00e0 seguran\u00e7a e se a placa ficar\u00e1 mais cara ou mais barata ao consumidor.<\/p>\n\n\n\n<h3 class=\"wp-block-heading\">Vou ter de trocar a placa do carro?<\/h3>\n\n\n\n<p>Conforme a Resolu\u00e7\u00e3o 780\/2019 do Contran (Conselho Nacional de Tr\u00e2nsito), a partir da virada do m\u00eas a placa Mercosul ser\u00e1 obrigat\u00f3ria no emplacamento de ve\u00edculos novos.<\/p>\n\n\n\n<p>Por sua vez, quem possui placa cinza ter\u00e1 de substitu\u00ed-la pela Mercosul quando houver mudan\u00e7a de categoria do ve\u00edculo ou furto, extravio, roubo ou dano do dispositivo. A troca tamb\u00e9m est\u00e1 prevista em caso de transfer\u00eancia do registro para outro munic\u00edpio ou Estado.<\/p>\n\n\n\n<p>Por\u00e9m, os propriet\u00e1rios que j\u00e1 utilizam a placa Mercosul n\u00e3o ter\u00e3o de comprar outra nessa circunst\u00e2ncia, j\u00e1 que o padr\u00e3o n\u00e3o exibe a cidade onde foi realizado o emplacamento.<\/p>\n\n\n\n<p>Pessoas que desejam trocar voluntariamente tamb\u00e9m podem aderir ao novo modelo.<\/p>\n\n\n\n<h3 class=\"wp-block-heading\">O que a nova placa traz de diferente<\/h3>\n\n\n\n<figure class=\"wp-block-image\"><img decoding=\"async\" src=\"https:\/\/conteudo.imguol.com.br\/c\/entretenimento\/7b\/2019\/09\/02\/placa-mercosul-versao-4-1567462564242_v2_750x421.jpgx\" alt=\"Mais recente vers\u00e3o perdeu efeito difrativo e colorido nos caracteres e ondas sinusoidais no fundo branco - Divulga\u00e7\u00e3o\"\/><figcaption>Mais recente vers\u00e3o perdeu efeito difrativo e colorido nos caracteres e ondas sinusoidais no fundo branco \u2013 Divulga\u00e7\u00e3o<\/figcaption><\/figure>\n\n\n\n<p>Enquanto a placa cinza traz uma combina\u00e7\u00e3o de tr\u00eas letras precedendo quatro n\u00fameros, a Mercosul \u00e9 formada por tr\u00eas letras, um n\u00famero, outra letra e dois algarismos, nessa ordem.<\/p>\n\n\n\n<p>A troca de um n\u00famero por uma letra permite quantidade muito maior de combina\u00e7\u00f5es alfanum\u00e9ricas: ser\u00e3o poss\u00edveis cerca 450 milh\u00f5es de combina\u00e7\u00f5es, a serem compartilhadas entre todos os pa\u00edses do Mercosul. Bem mais do que as 175 milh\u00f5es de possibilidades das atuais placas com fundo cinza.<\/p>\n\n\n\n<p>Al\u00e9m disso, as novas placas preveem um banco de dados integrado entre os pa\u00edses que adotam o formato, permitindo aos agentes de tr\u00e2nsito e pol\u00edcias consultarem as informa\u00e7\u00f5es de determinado ve\u00edculo, seja ele registrado no Brasil, na Argentina, no Paraguai e no Uruguai. O Denatran informa que esse sistema j\u00e1 est\u00e1 operante.<\/p>\n\n\n\n<p>O padr\u00e3o Mercosul tamb\u00e9m deixa de adotar o lacre, substitu\u00eddo pelo QR Code \u2013 c\u00f3digo bidimensional que permite consultar os dados veiculares, bem como rastrear a produ\u00e7\u00e3o de determinada placa, com o objetivo de prevenir clonagens. O QR Code pode ser lido por meio do aplicativo Vio, que tem download gratuito para dispositivos Android e iOS.<\/p>\n\n\n\n<p>Para completar, a cor dos caracteres muda de acordo com a categoria do ve\u00edculo:<\/p>\n\n\n\n<p><strong>+Preta \u2014 carro particular<br>+Cinza \u2014 ve\u00edculo antigo de cole\u00e7\u00e3o<br>+Vermelha \u2014 comerciais ou de aprendizagem<br>+Amarela \u2014 diplom\u00e1tico ou consular<br>+Verde \u2014 especial (como prot\u00f3tipos de testes)<br>+Azul \u2014 ve\u00edculos de \u00f3rg\u00e3os oficiais<\/strong><\/p>\n\n\n\n<h3 class=\"wp-block-heading\">Placa Mercosul ficou mais simples<\/h3>\n\n\n\n<p>A quarta e mais recente vers\u00e3o da placa Mercosul passou a valer no dia 26 de agosto de 2019, quando entraram em vigor as novas regras do Contran para o padr\u00e3o de identifica\u00e7\u00e3o veicular.<\/p>\n\n\n\n<p>Na atualiza\u00e7\u00e3o, realizada por meio da Resolu\u00e7\u00e3o 780, a chapa Mercosul deixou de trazer duas caracter\u00edsticas visuais criadas para prevenir clonagens e falsifica\u00e7\u00f5es: as palavras \u201cBrasil\u201d e \u201cMercosul\u201d com efeito refletico, semelhante a um holograma, aplicadas sobre os caracteres e na borda externa; e as chamadas ondas sinusoidais, grafadas no fundo branco do equipamento.<\/p>\n\n\n\n<p>As inscri\u00e7\u00f5es passam a vir na mesma cor dos caracteres, praticamente desaparecendo.<\/p>\n\n\n\n<p>Desde a estreia no Rio de Janeiro, o novo padr\u00e3o de identifica\u00e7\u00e3o veicular passou por outras modifica\u00e7\u00f5es visuais, sempre relacionadas a itens de seguran\u00e7a e com a alega\u00e7\u00e3o, de parte do governo federal, de redu\u00e7\u00e3o nos custos de fabrica\u00e7\u00e3o e, consequentemente, nos pre\u00e7os ao consumidor final.<\/p>\n\n\n\n<p>A primeira delas aconteceu j\u00e1 em setembro de 2018, por meio da Resolu\u00e7\u00e3o 741, que retirou o lacre, utilizado at\u00e9 hoje na placa cinza e substitu\u00eddo pelo QR Code \u2013 que permite rastrear todo o processo de produ\u00e7\u00e3o da placa.<\/p>\n\n\n\n<p>Em novembro do mesmo ano, outra resolu\u00e7\u00e3o (748) do Contran determinou a exclus\u00e3o da bandeira do Estado e do bras\u00e3o do munic\u00edpio de registro do ve\u00edculo.<\/p>\n\n\n\n<h3 class=\"wp-block-heading\">Vai ficar mais cara?<\/h3>\n\n\n\n<p>A simplifica\u00e7\u00e3o do projeto original da placa Mercosul foi elogiada na quarta-feira passada por&nbsp;Jair Bolsonaro. Nas redes sociais, o&nbsp;presidente mencionou&nbsp;que a retirada de elementos de seguran\u00e7a evitou que o novo padr\u00e3o de identifica\u00e7\u00e3o veicular custasse \u201co dobro\u201d do pre\u00e7o da placa cinza.<\/p>\n\n\n\n<p>Bolsonaro tamb\u00e9m disse que \u201cas medidas adotadas significam R$ 2 bilh\u00f5es\/ano de economia para sociedade\u201d.<\/p>\n\n\n\n<p>De fato, a remo\u00e7\u00e3o de itens como lacre, bras\u00e3o do munic\u00edpio e bandeira do Estado&nbsp;fizeram o pre\u00e7o da nova placa cair&nbsp;na compara\u00e7\u00e3o com sua antecessora no Rio de Janeiro. Por\u00e9m, em Estados como Esp\u00edrito Santo, sua implanta\u00e7\u00e3o, em dezembro de 2018, fez o item encarecer \u2013 ao menos em um primeiro momento.<\/p>\n\n\n\n<p>No Acre, o mais recente Estado a migrar para o formato, o emplacamento tamb\u00e9m ficou mais caro.<\/p>\n\n\n\n<p>\u201cAs primeiras tratativas para unificar os modelos de placas dos paises do MERCOSUL iniciaram em 2010 durante o governo Lula. A placa MERCOSUL foi efetivamente criada em 2014, no governo Dilma, j\u00e1 com a participa\u00e7\u00e3o da Venezuela\u201d, disse Jair Bolsonaro.<\/p>\n\n\n\n<p>Vale destacar que o pre\u00e7o n\u00e3o est\u00e1 relacionado apenas aos itens de seguran\u00e7a e \u00e0 complexidade de fabrica\u00e7\u00e3o, mas tamb\u00e9m depende do mercado.<\/p>\n\n\n\n<p>Oito dos 11 Estados que j\u00e1 migraram para o novo formato adotam o&nbsp;sistema de pre\u00e7os liberados&nbsp;\u00e0s empresas estampadoras credenciadas \u2013 que inserem os caracteres alfanum\u00e9ricos e os elementos visuais na chapa, al\u00e9m comercializarem as placas Mercosul ao consumidor.<\/p>\n\n\n\n<p>O Esp\u00edrito Santo \u00e9 um dos Estados que adotam o livre mercado, enquanto Amazonas, Para\u00edba e Rio de Janeiro mant\u00eam o sistema de licita\u00e7\u00e3o, com pre\u00e7os tabelados. No entanto, independentemente do valor, a simplifica\u00e7\u00e3o da nova placa tem facilitado casos de falsifica\u00e7\u00f5es e venda irregular.<\/p>\n\n\n\n<h3 class=\"wp-block-heading\">A placa Mercosul \u00e9 mais segura?<\/h3>\n\n\n\n<figure class=\"wp-block-image\"><img decoding=\"async\" src=\"https:\/\/conteudo.imguol.com.br\/c\/entretenimento\/d9\/2019\/11\/24\/placa-mercosul-vendida-venda-no-meio-da-rua-em-salvador-bahia-1574626930911_v2_750x421.jpgx\" alt=\"Bahia j\u00e1 migrou para o padr\u00e3o Mercosul e faz credenciamento; Estado enfrenta fraudes e tem venda de placas no meio da rua - Reprodu\u00e7\u00e3o\"\/><figcaption>Bahia j\u00e1 migrou para o padr\u00e3o Mercosul e faz credenciamento; Estado enfrenta fraudes e tem venda de placas no meio da rua \u2013 Reprodu\u00e7\u00e3o<\/figcaption><\/figure>\n\n\n\n<p>Conforme&nbsp;UOL Carros&nbsp;j\u00e1 comprovou, a simplifica\u00e7\u00e3o da placa, associada \u00e0 falta de controle de processos de fabrica\u00e7\u00e3o e venda, tem&nbsp;resultado em uma s\u00e9rie de relatos de clonagens e falsifica\u00e7\u00f5es do dispositivo.<\/p>\n\n\n\n<p>Na Bahia, por exemplo, funcion\u00e1rios de empresas estampadoras foram flagrados recentemente vendendo a placa Mercosul no meio da rua \u2013 uma pr\u00e1tica irregular.<\/p>\n\n\n\n<p>Em julho de 2019, a Pol\u00edcia Civil de S\u00e3o Paulo prendeu na capital paulista dois homens \u201cpor integrarem quadrilha especializada em vendas de carros de proced\u00eancia il\u00edcita para o crime organizado\u201d. Com eles, havia dois ve\u00edculos roubados no Rio de Janeiro e que estavam \u00e0 venda, por pre\u00e7o muito inferior ao de mercado, com placas no padr\u00e3o Mercosul clonadas.<\/p>\n\n\n\n<p>H\u00e1 alguns meses, noticiamos que casos de&nbsp;venda de \u201cr\u00e9plicas\u201d em um site de classificados.<\/p>\n\n\n\n<p>Em contato com a reportagem, o Denatran (Departamento Nacional de Tr\u00e2nsito) afirma que \u201cn\u00e3o procede a informa\u00e7\u00e3o de que a clonagem da nova placa \u00e9 mais f\u00e1cil. Com a nova placa, a clonagem \u00e9 dificultada, justamente por conta do QR Code, com o qual \u00e9 poss\u00edvel identificar imediatamente a situa\u00e7\u00e3o da placa [placa original, placa extraviada ou placa falsa]\u201d. <\/p>\n\n\n\n<p>As informa\u00e7\u00f5es s\u00e3o do UOL.<\/p>\n","protected":false},"excerpt":{"rendered":"<p>Conforme o Denatran (Departamento Nacional de Tr\u00e2nsito), a data-limite para adequa\u00e7\u00e3o dos Detrans (Departamentos Estaduais de Tr\u00e2nsito) ao novo modelo de identifica\u00e7\u00e3o veicular est\u00e1 mantida&hellip; <\/p>\n","protected":false},"author":1,"featured_media":133973,"comment_status":"closed","ping_status":"closed","sticky":false,"template":"","format":"standard","meta":{"sfsi_plus_gutenberg_text_before_share":"","sfsi_plus_gutenberg_show_text_before_share":"","sfsi_plus_gutenberg_icon_type":"","sfsi_plus_gutenberg_icon_alignemt":"","sfsi_plus_gutenburg_max_per_row":"","footnotes":""},"categories":[2],"tags":[],"class_list":["post-149395","post","type-post","status-publish","format-standard","has-post-thumbnail","hentry","category-geral"],"_links":{"self":[{"href":"https:\/\/www.caririemacao.com\/1\/wp-json\/wp\/v2\/posts\/149395","targetHints":{"allow":["GET"]}}],"collection":[{"href":"https:\/\/www.caririemacao.com\/1\/wp-json\/wp\/v2\/posts"}],"about":[{"href":"https:\/\/www.caririemacao.com\/1\/wp-json\/wp\/v2\/types\/post"}],"author":[{"embeddable":true,"href":"https:\/\/www.caririemacao.com\/1\/wp-json\/wp\/v2\/users\/1"}],"replies":[{"embeddable":true,"href":"https:\/\/www.caririemacao.com\/1\/wp-json\/wp\/v2\/comments?post=149395"}],"version-history":[{"count":1,"href":"https:\/\/www.caririemacao.com\/1\/wp-json\/wp\/v2\/posts\/149395\/revisions"}],"predecessor-version":[{"id":149403,"href":"https:\/\/www.caririemacao.com\/1\/wp-json\/wp\/v2\/posts\/149395\/revisions\/149403"}],"wp:featuredmedia":[{"embeddable":true,"href":"https:\/\/www.caririemacao.com\/1\/wp-json\/wp\/v2\/media\/133973"}],"wp:attachment":[{"href":"https:\/\/www.caririemacao.com\/1\/wp-json\/wp\/v2\/media?parent=149395"}],"wp:term":[{"taxonomy":"category","embeddable":true,"href":"https:\/\/www.caririemacao.com\/1\/wp-json\/wp\/v2\/categories?post=149395"},{"taxonomy":"post_tag","embeddable":true,"href":"https:\/\/www.caririemacao.com\/1\/wp-json\/wp\/v2\/tags?post=149395"}],"curies":[{"name":"wp","href":"https:\/\/api.w.org\/{rel}","templated":true}]}}