{"id":149408,"date":"2020-01-27T09:56:02","date_gmt":"2020-01-27T12:56:02","guid":{"rendered":"http:\/\/www.caririemacao.com\/1\/?p=149408"},"modified":"2020-01-27T09:56:05","modified_gmt":"2020-01-27T12:56:05","slug":"prf-da-pb-recupera-veiculo-que-foi-roubado-em-pe-no-ano-passado-na-br-230","status":"publish","type":"post","link":"https:\/\/www.caririemacao.com\/1\/2020\/01\/27\/prf-da-pb-recupera-veiculo-que-foi-roubado-em-pe-no-ano-passado-na-br-230\/","title":{"rendered":"PRF da PB recupera ve\u00edculo que foi roubado em PE no ano passado, na BR-230"},"content":{"rendered":"\n<p>A Pol\u00edcia Rodovi\u00e1ria Federal (PRF) recuperou nesse s\u00e1bado (25), um ve\u00edculo roubado, que estava circulando na BR 230, munic\u00edpio de Sobrado\/PB.<\/p>\n\n\n\n<p>O autom\u00f3vel, um \u00f4nix de cor branca, teria sido roubado em abril do ano passado em Pernambuco e, ap\u00f3s ser clonado, estava trafegando na rodovia federal com placa de outro ve\u00edculo sem ocorr\u00eancia de crime.<\/p>\n\n\n\n<p>Durante a abordagem, o condutor, de 43 anos, informou \u00e0 equipe que havia comprado o ve\u00edculo e n\u00e3o sabia da ocorr\u00eancia de roubo.<\/p>\n\n\n\n<p>O motorista detido e o ve\u00edculo recuperado foram encaminhados \u00e0 Delegacia de Pol\u00edcia Civil.<\/p>\n","protected":false},"excerpt":{"rendered":"<p>A Pol\u00edcia Rodovi\u00e1ria Federal (PRF) recuperou nesse s\u00e1bado (25), um ve\u00edculo roubado, que estava circulando na BR 230, munic\u00edpio de Sobrado\/PB. O autom\u00f3vel, um \u00f4nix&hellip; <\/p>\n","protected":false},"author":1,"featured_media":36838,"comment_status":"closed","ping_status":"closed","sticky":false,"template":"","format":"standard","meta":{"sfsi_plus_gutenberg_text_before_share":"","sfsi_plus_gutenberg_show_text_before_share":"","sfsi_plus_gutenberg_icon_type":"","sfsi_plus_gutenberg_icon_alignemt":"","sfsi_plus_gutenburg_max_per_row":"","footnotes":""},"categories":[12],"tags":[],"class_list":["post-149408","post","type-post","status-publish","format-standard","has-post-thumbnail","hentry","category-policia"],"_links":{"self":[{"href":"https:\/\/www.caririemacao.com\/1\/wp-json\/wp\/v2\/posts\/149408","targetHints":{"allow":["GET"]}}],"collection":[{"href":"https:\/\/www.caririemacao.com\/1\/wp-json\/wp\/v2\/posts"}],"about":[{"href":"https:\/\/www.caririemacao.com\/1\/wp-json\/wp\/v2\/types\/post"}],"author":[{"embeddable":true,"href":"https:\/\/www.caririemacao.com\/1\/wp-json\/wp\/v2\/users\/1"}],"replies":[{"embeddable":true,"href":"https:\/\/www.caririemacao.com\/1\/wp-json\/wp\/v2\/comments?post=149408"}],"version-history":[{"count":1,"href":"https:\/\/www.caririemacao.com\/1\/wp-json\/wp\/v2\/posts\/149408\/revisions"}],"predecessor-version":[{"id":149414,"href":"https:\/\/www.caririemacao.com\/1\/wp-json\/wp\/v2\/posts\/149408\/revisions\/149414"}],"wp:featuredmedia":[{"embeddable":true,"href":"https:\/\/www.caririemacao.com\/1\/wp-json\/wp\/v2\/media\/36838"}],"wp:attachment":[{"href":"https:\/\/www.caririemacao.com\/1\/wp-json\/wp\/v2\/media?parent=149408"}],"wp:term":[{"taxonomy":"category","embeddable":true,"href":"https:\/\/www.caririemacao.com\/1\/wp-json\/wp\/v2\/categories?post=149408"},{"taxonomy":"post_tag","embeddable":true,"href":"https:\/\/www.caririemacao.com\/1\/wp-json\/wp\/v2\/tags?post=149408"}],"curies":[{"name":"wp","href":"https:\/\/api.w.org\/{rel}","templated":true}]}}