{"id":149417,"date":"2020-01-27T09:57:29","date_gmt":"2020-01-27T12:57:29","guid":{"rendered":"http:\/\/www.caririemacao.com\/1\/?p=149417"},"modified":"2020-01-27T09:57:31","modified_gmt":"2020-01-27T12:57:31","slug":"familia-de-presidiario-levanta-suspeita-de-morte-por-intoxicacao-alimentar","status":"publish","type":"post","link":"https:\/\/www.caririemacao.com\/1\/2020\/01\/27\/familia-de-presidiario-levanta-suspeita-de-morte-por-intoxicacao-alimentar\/","title":{"rendered":"Fam\u00edlia de presidi\u00e1rio levanta suspeita de morte por intoxica\u00e7\u00e3o alimentar"},"content":{"rendered":"\n<p>Familiares do preso Pablo \u00cdtalo Vieira Gomes, de 19 anos, que estava no do Pres\u00eddio Padr\u00e3o de Campina Grande, aguardando \u201cpronunciamento da justi\u00e7a\u201d, realizaram protesto no funal de semana o&nbsp;para pedir que a morte dele, ocorrida na na manh\u00e3 da sexta-feira (24) seja esclarecida.<br><\/p>\n\n\n\n<p>Conforme a m\u00e3e dele, Priscila Vieira, em contato telef\u00f4nico, na noite da sexta-feira (24), Pablo teria ingerido um alimento que o deixou com s\u00e9rios problemas de sa\u00fade. Isto, ele teria relatado a ela. Inclusive, segundo ela no in\u00edcio do m\u00eas de janeiro.<\/p>\n\n\n\n<p>Priscila afirmou que ao visitar o filho recentemente percebeu que ele bastante debilitado e ainda levou medicamentos.<\/p>\n\n\n\n<p>Priscila afirmou que \u00cdtalo foi levado \u00e0 enfermaria e diante do quadro agravado, o filho foi encaminhado ao Hospital de Trauma onde morreu.<\/p>\n\n\n\n<p>Em contato com a assessoria do Hospital de Trauma em Campina Grande e com o secret\u00e1rio de sa\u00fade do estado, Geraldo Medeiros a resposta do Trauma foi de que a causa do \u00f3bito foi infe\u00e7\u00e3o pulmonar.<\/p>\n\n\n\n<p>\u00cdtalo estava preso desde outubro ap\u00f3s uma a\u00e7\u00e3o da Delegacia de Roubos e Furtos em cumprimento a um mandado de oris\u00e3o preventiva.<\/p>\n\n\n\n<p>Ele morava no Bairro Jeremias e foi enterrado no s\u00e1bado (25).<\/p>\n\n\n\n<p>Fonte: Renato Diniz<\/p>\n","protected":false},"excerpt":{"rendered":"<p>Familiares do preso Pablo \u00cdtalo Vieira Gomes, de 19 anos, que estava no do Pres\u00eddio Padr\u00e3o de Campina Grande, aguardando \u201cpronunciamento da justi\u00e7a\u201d, realizaram protesto&hellip; <\/p>\n","protected":false},"author":1,"featured_media":149420,"comment_status":"closed","ping_status":"closed","sticky":false,"template":"","format":"standard","meta":{"sfsi_plus_gutenberg_text_before_share":"","sfsi_plus_gutenberg_show_text_before_share":"","sfsi_plus_gutenberg_icon_type":"","sfsi_plus_gutenberg_icon_alignemt":"","sfsi_plus_gutenburg_max_per_row":"","footnotes":""},"categories":[12],"tags":[],"class_list":["post-149417","post","type-post","status-publish","format-standard","has-post-thumbnail","hentry","category-policia"],"_links":{"self":[{"href":"https:\/\/www.caririemacao.com\/1\/wp-json\/wp\/v2\/posts\/149417","targetHints":{"allow":["GET"]}}],"collection":[{"href":"https:\/\/www.caririemacao.com\/1\/wp-json\/wp\/v2\/posts"}],"about":[{"href":"https:\/\/www.caririemacao.com\/1\/wp-json\/wp\/v2\/types\/post"}],"author":[{"embeddable":true,"href":"https:\/\/www.caririemacao.com\/1\/wp-json\/wp\/v2\/users\/1"}],"replies":[{"embeddable":true,"href":"https:\/\/www.caririemacao.com\/1\/wp-json\/wp\/v2\/comments?post=149417"}],"version-history":[{"count":1,"href":"https:\/\/www.caririemacao.com\/1\/wp-json\/wp\/v2\/posts\/149417\/revisions"}],"predecessor-version":[{"id":149421,"href":"https:\/\/www.caririemacao.com\/1\/wp-json\/wp\/v2\/posts\/149417\/revisions\/149421"}],"wp:featuredmedia":[{"embeddable":true,"href":"https:\/\/www.caririemacao.com\/1\/wp-json\/wp\/v2\/media\/149420"}],"wp:attachment":[{"href":"https:\/\/www.caririemacao.com\/1\/wp-json\/wp\/v2\/media?parent=149417"}],"wp:term":[{"taxonomy":"category","embeddable":true,"href":"https:\/\/www.caririemacao.com\/1\/wp-json\/wp\/v2\/categories?post=149417"},{"taxonomy":"post_tag","embeddable":true,"href":"https:\/\/www.caririemacao.com\/1\/wp-json\/wp\/v2\/tags?post=149417"}],"curies":[{"name":"wp","href":"https:\/\/api.w.org\/{rel}","templated":true}]}}