{"id":149434,"date":"2020-01-27T10:01:20","date_gmt":"2020-01-27T13:01:20","guid":{"rendered":"http:\/\/www.caririemacao.com\/1\/?p=149434"},"modified":"2020-01-27T10:01:22","modified_gmt":"2020-01-27T13:01:22","slug":"veneziano-almoca-na-casa-de-maranhao-e-cresce-especulacao-sobre-retorno-do-senador-ao-mdb","status":"publish","type":"post","link":"https:\/\/www.caririemacao.com\/1\/2020\/01\/27\/veneziano-almoca-na-casa-de-maranhao-e-cresce-especulacao-sobre-retorno-do-senador-ao-mdb\/","title":{"rendered":"Veneziano almo\u00e7a na casa de Maranh\u00e3o e cresce especula\u00e7\u00e3o sobre retorno do senador ao MDB"},"content":{"rendered":"\n<p>O senador Veneziano Vital (PSB) ao lado de sua esposa Ana Cl\u00e1udia, almo\u00e7aram neste domingo (26), na resid\u00eancia do senador Maranh\u00e3o, em Jo\u00e3o Pessoa, na companhia de Z\u00e9, sua esposa, a desembargadora F\u00e1tima e o padre Nilson Nunes<\/p>\n\n\n\n<p>O que tem de anormal nisso? Nada. \u00c9 que nos bastidores da pol\u00edtica paraibana se comenta a possibilidade de Veneziano retorna aos quadros do MDB com presidente da sigla.<\/p>\n\n\n\n<p>Ou seja, esse almo\u00e7o poder\u00e1 render novos cap\u00edtulos no cen\u00e1rio pol\u00edtico da Para\u00edba.<\/p>\n\n\n\n<p><strong>Blog do Bruno Lira<\/strong><\/p>\n","protected":false},"excerpt":{"rendered":"<p>O senador Veneziano Vital (PSB) ao lado de sua esposa Ana Cl\u00e1udia, almo\u00e7aram neste domingo (26), na resid\u00eancia do senador Maranh\u00e3o, em Jo\u00e3o Pessoa, na&hellip; <\/p>\n","protected":false},"author":1,"featured_media":149435,"comment_status":"closed","ping_status":"closed","sticky":false,"template":"","format":"standard","meta":{"sfsi_plus_gutenberg_text_before_share":"","sfsi_plus_gutenberg_show_text_before_share":"","sfsi_plus_gutenberg_icon_type":"","sfsi_plus_gutenberg_icon_alignemt":"","sfsi_plus_gutenburg_max_per_row":"","footnotes":""},"categories":[11],"tags":[],"class_list":["post-149434","post","type-post","status-publish","format-standard","has-post-thumbnail","hentry","category-politica"],"_links":{"self":[{"href":"https:\/\/www.caririemacao.com\/1\/wp-json\/wp\/v2\/posts\/149434","targetHints":{"allow":["GET"]}}],"collection":[{"href":"https:\/\/www.caririemacao.com\/1\/wp-json\/wp\/v2\/posts"}],"about":[{"href":"https:\/\/www.caririemacao.com\/1\/wp-json\/wp\/v2\/types\/post"}],"author":[{"embeddable":true,"href":"https:\/\/www.caririemacao.com\/1\/wp-json\/wp\/v2\/users\/1"}],"replies":[{"embeddable":true,"href":"https:\/\/www.caririemacao.com\/1\/wp-json\/wp\/v2\/comments?post=149434"}],"version-history":[{"count":1,"href":"https:\/\/www.caririemacao.com\/1\/wp-json\/wp\/v2\/posts\/149434\/revisions"}],"predecessor-version":[{"id":149436,"href":"https:\/\/www.caririemacao.com\/1\/wp-json\/wp\/v2\/posts\/149434\/revisions\/149436"}],"wp:featuredmedia":[{"embeddable":true,"href":"https:\/\/www.caririemacao.com\/1\/wp-json\/wp\/v2\/media\/149435"}],"wp:attachment":[{"href":"https:\/\/www.caririemacao.com\/1\/wp-json\/wp\/v2\/media?parent=149434"}],"wp:term":[{"taxonomy":"category","embeddable":true,"href":"https:\/\/www.caririemacao.com\/1\/wp-json\/wp\/v2\/categories?post=149434"},{"taxonomy":"post_tag","embeddable":true,"href":"https:\/\/www.caririemacao.com\/1\/wp-json\/wp\/v2\/tags?post=149434"}],"curies":[{"name":"wp","href":"https:\/\/api.w.org\/{rel}","templated":true}]}}