{"id":149444,"date":"2020-01-27T10:22:03","date_gmt":"2020-01-27T13:22:03","guid":{"rendered":"http:\/\/www.caririemacao.com\/1\/?p=149444"},"modified":"2020-01-27T10:22:04","modified_gmt":"2020-01-27T13:22:04","slug":"agu-estuda-novo-recurso-contra-decisao-que-impede-divulgacao-do-sisu","status":"publish","type":"post","link":"https:\/\/www.caririemacao.com\/1\/2020\/01\/27\/agu-estuda-novo-recurso-contra-decisao-que-impede-divulgacao-do-sisu\/","title":{"rendered":"AGU estuda novo recurso contra decis\u00e3o que impede divulga\u00e7\u00e3o do Sisu"},"content":{"rendered":"\n<p>A Advocacia-Geral da Uni\u00e3o (AGU) vai recorrer da decis\u00e3o do Tribunal Regional Federal da 3\u00aa Regi\u00e3o (TRF3) que na noite de ontem (26) manteve suspensa a divulga\u00e7\u00e3o do resultado do Sistema de Sele\u00e7\u00e3o Unificada (Sisu). Com a decis\u00e3o da desembargadora Therezinha Cazerta, segue em vigor a liminar concedida pela Justi\u00e7a Federal de S\u00e3o Paulo, que impede que os resultados sejam divulgados amanh\u00e3 (28), como estava previsto.<\/p>\n\n\n\n<p>Cazerta manteve a suspens\u00e3o da divulga\u00e7\u00e3o sob alega\u00e7\u00e3o de que o governo ainda precisa dar um posicionamento \u201cseguro e transparente\u201d sobre a corre\u00e7\u00e3o do Enem. Cerca de 1,5 milh\u00f5es de estudantes de inscreveram no programa.<\/p>\n\n\n\n<h2 class=\"wp-block-heading\">Hist\u00f3rico<\/h2>\n\n\n\n<p>No sexta-feira (25) a Justi\u00e7a Federal de S\u00e3o Paulo havia determinado a&nbsp;<a href=\"http:\/\/agenciabrasil.ebc.com.br\/educacao\/noticia\/2020-01\/justica-federal-determina-suspensao-dos-resultados-do-sisu\" target=\"_blank\" rel=\"noreferrer noopener\">suspens\u00e3o<\/a>&nbsp;da divulga\u00e7\u00e3o dos resultados do Sisu at\u00e9 que o governo federal demonstre a corre\u00e7\u00e3o das provas apontadas com problemas por estudantes de todo o pa\u00eds . O tribunal deu prazo de cinco dias para o cumprimento da decis\u00e3o, sob multa di\u00e1ria de R$ 10 mil.<\/p>\n\n\n\n<p>A decis\u00e3o foi motivada por pedido da Defensoria P\u00fablica da Uni\u00e3o (DPU). Na peti\u00e7\u00e3o, o \u00f3rg\u00e3o cobra que o Minist\u00e9rio da Educa\u00e7\u00e3o comprove com documentos a realiza\u00e7\u00e3o da revis\u00e3o dos testes prejudicados no Exame Nacional do Ensino M\u00e9dio (Enem). Al\u00e9m disso, reivindica a explica\u00e7\u00e3o sobre os par\u00e2metros utilizados nesse procedimento.<\/p>\n\n\n\n<p>O erro, argumentou a DPU, teria impactado n\u00e3o apenas esses estudantes, mas o desempenho de todos os participantes, uma vez que notas de corte e a classifica\u00e7\u00e3o s\u00e3o atribu\u00eddas a partir das notas de todos os alunos que realizaram a prova. \u201cTendo em vista que as notas das provas que foram revisadas podem ter sofrido substancial altera\u00e7\u00e3o, \u00e9 certo que h\u00e1 a potencialidade de gerar algum impacto, ainda que de d\u00e9cimos, nos resultados finais de todos os candidatos, o suficiente para significar o acesso \u00e0 vaga\u201d, explicou a peti\u00e7\u00e3o.<\/p>\n","protected":false},"excerpt":{"rendered":"<p>A Advocacia-Geral da Uni\u00e3o (AGU) vai recorrer da decis\u00e3o do Tribunal Regional Federal da 3\u00aa Regi\u00e3o (TRF3) que na noite de ontem (26) manteve suspensa&hellip; <\/p>\n","protected":false},"author":1,"featured_media":149190,"comment_status":"closed","ping_status":"closed","sticky":false,"template":"","format":"standard","meta":{"sfsi_plus_gutenberg_text_before_share":"","sfsi_plus_gutenberg_show_text_before_share":"","sfsi_plus_gutenberg_icon_type":"","sfsi_plus_gutenberg_icon_alignemt":"","sfsi_plus_gutenburg_max_per_row":"","footnotes":""},"categories":[14],"tags":[],"class_list":["post-149444","post","type-post","status-publish","format-standard","has-post-thumbnail","hentry","category-educacao"],"_links":{"self":[{"href":"https:\/\/www.caririemacao.com\/1\/wp-json\/wp\/v2\/posts\/149444","targetHints":{"allow":["GET"]}}],"collection":[{"href":"https:\/\/www.caririemacao.com\/1\/wp-json\/wp\/v2\/posts"}],"about":[{"href":"https:\/\/www.caririemacao.com\/1\/wp-json\/wp\/v2\/types\/post"}],"author":[{"embeddable":true,"href":"https:\/\/www.caririemacao.com\/1\/wp-json\/wp\/v2\/users\/1"}],"replies":[{"embeddable":true,"href":"https:\/\/www.caririemacao.com\/1\/wp-json\/wp\/v2\/comments?post=149444"}],"version-history":[{"count":1,"href":"https:\/\/www.caririemacao.com\/1\/wp-json\/wp\/v2\/posts\/149444\/revisions"}],"predecessor-version":[{"id":149447,"href":"https:\/\/www.caririemacao.com\/1\/wp-json\/wp\/v2\/posts\/149444\/revisions\/149447"}],"wp:featuredmedia":[{"embeddable":true,"href":"https:\/\/www.caririemacao.com\/1\/wp-json\/wp\/v2\/media\/149190"}],"wp:attachment":[{"href":"https:\/\/www.caririemacao.com\/1\/wp-json\/wp\/v2\/media?parent=149444"}],"wp:term":[{"taxonomy":"category","embeddable":true,"href":"https:\/\/www.caririemacao.com\/1\/wp-json\/wp\/v2\/categories?post=149444"},{"taxonomy":"post_tag","embeddable":true,"href":"https:\/\/www.caririemacao.com\/1\/wp-json\/wp\/v2\/tags?post=149444"}],"curies":[{"name":"wp","href":"https:\/\/api.w.org\/{rel}","templated":true}]}}