{"id":149452,"date":"2020-01-27T10:51:51","date_gmt":"2020-01-27T13:51:51","guid":{"rendered":"http:\/\/www.caririemacao.com\/1\/?p=149452"},"modified":"2020-01-27T10:51:53","modified_gmt":"2020-01-27T13:51:53","slug":"bandidos-invadem-residencia-e-roubam-presentes-de-aniversario-da-filha-do-pastor-na-paraiba","status":"publish","type":"post","link":"https:\/\/www.caririemacao.com\/1\/2020\/01\/27\/bandidos-invadem-residencia-e-roubam-presentes-de-aniversario-da-filha-do-pastor-na-paraiba\/","title":{"rendered":"Bandidos invadem resid\u00eancia e roubam presentes de anivers\u00e1rio da filha do pastor na Para\u00edba"},"content":{"rendered":"\n<p>Uma resid\u00eancia foi invadida, na noite deste domingo (26), e os bandidos levaram os presentes de anivers\u00e1rio da filha do pastor. O caso aconteceu&nbsp;na zona rural do distrito de Galante, no Agreste da Para\u00edba.<\/p>\n\n\n\n<p>O pastor informou que ao voltar para casa, por volta das 21h, percebeu que uma janela da casa foi quebrada. No depoimento, o dono da resid\u00eancia informou que al\u00e9m dos presentes&nbsp;que a filha havia ganhado de anivers\u00e1rio, os bandidos ainda levaram um aparelho de TV.<\/p>\n\n\n\n<p>At\u00e9 o momento, ningu\u00e9m foi preso.<\/p>\n\n\n\n<p><em>Click PB<\/em><\/p>\n","protected":false},"excerpt":{"rendered":"<p>Uma resid\u00eancia foi invadida, na noite deste domingo (26), e os bandidos levaram os presentes de anivers\u00e1rio da filha do pastor. O caso aconteceu&nbsp;na zona&hellip; <\/p>\n","protected":false},"author":1,"featured_media":149084,"comment_status":"closed","ping_status":"closed","sticky":false,"template":"","format":"standard","meta":{"sfsi_plus_gutenberg_text_before_share":"","sfsi_plus_gutenberg_show_text_before_share":"","sfsi_plus_gutenberg_icon_type":"","sfsi_plus_gutenberg_icon_alignemt":"","sfsi_plus_gutenburg_max_per_row":"","footnotes":""},"categories":[12],"tags":[],"class_list":["post-149452","post","type-post","status-publish","format-standard","has-post-thumbnail","hentry","category-policia"],"_links":{"self":[{"href":"https:\/\/www.caririemacao.com\/1\/wp-json\/wp\/v2\/posts\/149452","targetHints":{"allow":["GET"]}}],"collection":[{"href":"https:\/\/www.caririemacao.com\/1\/wp-json\/wp\/v2\/posts"}],"about":[{"href":"https:\/\/www.caririemacao.com\/1\/wp-json\/wp\/v2\/types\/post"}],"author":[{"embeddable":true,"href":"https:\/\/www.caririemacao.com\/1\/wp-json\/wp\/v2\/users\/1"}],"replies":[{"embeddable":true,"href":"https:\/\/www.caririemacao.com\/1\/wp-json\/wp\/v2\/comments?post=149452"}],"version-history":[{"count":1,"href":"https:\/\/www.caririemacao.com\/1\/wp-json\/wp\/v2\/posts\/149452\/revisions"}],"predecessor-version":[{"id":149453,"href":"https:\/\/www.caririemacao.com\/1\/wp-json\/wp\/v2\/posts\/149452\/revisions\/149453"}],"wp:featuredmedia":[{"embeddable":true,"href":"https:\/\/www.caririemacao.com\/1\/wp-json\/wp\/v2\/media\/149084"}],"wp:attachment":[{"href":"https:\/\/www.caririemacao.com\/1\/wp-json\/wp\/v2\/media?parent=149452"}],"wp:term":[{"taxonomy":"category","embeddable":true,"href":"https:\/\/www.caririemacao.com\/1\/wp-json\/wp\/v2\/categories?post=149452"},{"taxonomy":"post_tag","embeddable":true,"href":"https:\/\/www.caririemacao.com\/1\/wp-json\/wp\/v2\/tags?post=149452"}],"curies":[{"name":"wp","href":"https:\/\/api.w.org\/{rel}","templated":true}]}}