{"id":149470,"date":"2020-01-27T11:35:26","date_gmt":"2020-01-27T14:35:26","guid":{"rendered":"http:\/\/www.caririemacao.com\/1\/?p=149470"},"modified":"2020-01-27T11:35:27","modified_gmt":"2020-01-27T14:35:27","slug":"casa-da-cidadania-de-sume-passa-a-emitir-carteira-de-passe-livre-intermunicipal-para-pessoas-portadoras-de-deficiencia","status":"publish","type":"post","link":"https:\/\/www.caririemacao.com\/1\/2020\/01\/27\/casa-da-cidadania-de-sume-passa-a-emitir-carteira-de-passe-livre-intermunicipal-para-pessoas-portadoras-de-deficiencia\/","title":{"rendered":"Casa da Cidadania de Sum\u00e9 passa a emitir carteira de passe livre intermunicipal para pessoas portadoras de defici\u00eancia"},"content":{"rendered":"\n<p>A partir de agora, as pessoas portadoras de defici\u00eancia f\u00edsica, intelectual, visual ou auditiva poder\u00e3o receber a carteira de passe livre intermunicipal que ser\u00e1 emitida pela Casa da Cidadania de Sum\u00e9.<\/p>\n\n\n\n<p>As pessoas portadoras de alguma dessas defici\u00eancias devem procurar a Casa da Cidadania para dar entrada na emiss\u00e3o da carteira.<\/p>\n\n\n\n<p>A carteira de passe livre tamb\u00e9m estar\u00e1 dispon\u00edvel para as pessoas com Transtorno do Espectro do Autismo, a partir do zero ano de idade, ela j\u00e1 pode ser emitida.<\/p>\n\n\n\n<p>A parceria foi firmada com a Funda\u00e7\u00e3o Centro Integrado de Apoio ao Portador de Defici\u00eancia (Funad) e o Centro de Atendimento \u00e0 Pessoa com Defici\u00eancia (CAD) atrav\u00e9s da Secretaria de Assist\u00eancia Social de Sum\u00e9 e a Casa da Cidadania.<\/p>\n\n\n\n<p>A secret\u00e1ria do munic\u00edpio Tanniery L\u00eala e a gerente da Casa da Cidadania de Sum\u00e9, J\u00e9ssica Vieira, estiveram na \u00faltima quarta-feira (22) reunidas com a presidente da Funad, Simone Almeida para fechar a parceria.<\/p>\n\n\n\n<p>As pessoas interessadas devem procurar a Casa da Cidadania de Sum\u00e9 portando os seguintes documentos:<\/p>\n\n\n\n<p><strong>\u2013 Primeira vez:&nbsp;<\/strong>Foto 3\u00d74, RG, CPF, comprovante de resid\u00eancia, tipo sangu\u00edneo, cart\u00e3o do SUS, laudo de servi\u00e7o do SUS especificando a defici\u00eancia audiometria (para pessoas com defici\u00eancia auditiva).<\/p>\n\n\n\n<p><strong>\u2013 Segunda vez (perda ou roubo de carteira com data v\u00e1lida):&nbsp;<\/strong>foto 3\u00d74, comprovante de resid\u00eancia, Boletim de Ocorr\u00eancia.<\/p>\n\n\n\n<p><strong>Documenta\u00e7\u00e3o para pessoas com transtorno do espectro autista:<\/strong><\/p>\n\n\n\n<p><strong>Primeira vez:&nbsp;<\/strong>Foto 3\u00d74, RG, CPF, comprovante de resid\u00eancia, tipo sangu\u00edneo, cart\u00e3o do SUS, laudo de servi\u00e7o do SUS especificando a defici\u00eancia audiometria (para pessoas com defici\u00eancia auditiva) e documenta\u00e7\u00e3o da m\u00e3e ou respons\u00e1vel legal.<\/p>\n\n\n\n<p>Al\u00e9m disso, pessoas acometidas de c\u00e2ncer tamb\u00e9m tem direito \u00e0 carteira de passe livre, no entanto devem procurar a Casa da Cidadania de Sum\u00e9, com o identificador do munic\u00edpio, Alessandro C\u00e9sar, para maiores informa\u00e7\u00f5es.<\/p>\n\n\n\n<p>Ascom PMS<\/p>\n","protected":false},"excerpt":{"rendered":"<p>A partir de agora, as pessoas portadoras de defici\u00eancia f\u00edsica, intelectual, visual ou auditiva poder\u00e3o receber a carteira de passe livre intermunicipal que ser\u00e1 emitida&hellip; <\/p>\n","protected":false},"author":1,"featured_media":149471,"comment_status":"closed","ping_status":"closed","sticky":false,"template":"","format":"standard","meta":{"sfsi_plus_gutenberg_text_before_share":"","sfsi_plus_gutenberg_show_text_before_share":"","sfsi_plus_gutenberg_icon_type":"","sfsi_plus_gutenberg_icon_alignemt":"","sfsi_plus_gutenburg_max_per_row":"","footnotes":""},"categories":[2],"tags":[],"class_list":["post-149470","post","type-post","status-publish","format-standard","has-post-thumbnail","hentry","category-geral"],"_links":{"self":[{"href":"https:\/\/www.caririemacao.com\/1\/wp-json\/wp\/v2\/posts\/149470","targetHints":{"allow":["GET"]}}],"collection":[{"href":"https:\/\/www.caririemacao.com\/1\/wp-json\/wp\/v2\/posts"}],"about":[{"href":"https:\/\/www.caririemacao.com\/1\/wp-json\/wp\/v2\/types\/post"}],"author":[{"embeddable":true,"href":"https:\/\/www.caririemacao.com\/1\/wp-json\/wp\/v2\/users\/1"}],"replies":[{"embeddable":true,"href":"https:\/\/www.caririemacao.com\/1\/wp-json\/wp\/v2\/comments?post=149470"}],"version-history":[{"count":1,"href":"https:\/\/www.caririemacao.com\/1\/wp-json\/wp\/v2\/posts\/149470\/revisions"}],"predecessor-version":[{"id":149472,"href":"https:\/\/www.caririemacao.com\/1\/wp-json\/wp\/v2\/posts\/149470\/revisions\/149472"}],"wp:featuredmedia":[{"embeddable":true,"href":"https:\/\/www.caririemacao.com\/1\/wp-json\/wp\/v2\/media\/149471"}],"wp:attachment":[{"href":"https:\/\/www.caririemacao.com\/1\/wp-json\/wp\/v2\/media?parent=149470"}],"wp:term":[{"taxonomy":"category","embeddable":true,"href":"https:\/\/www.caririemacao.com\/1\/wp-json\/wp\/v2\/categories?post=149470"},{"taxonomy":"post_tag","embeddable":true,"href":"https:\/\/www.caririemacao.com\/1\/wp-json\/wp\/v2\/tags?post=149470"}],"curies":[{"name":"wp","href":"https:\/\/api.w.org\/{rel}","templated":true}]}}