{"id":149481,"date":"2020-01-27T13:13:29","date_gmt":"2020-01-27T16:13:29","guid":{"rendered":"http:\/\/www.caririemacao.com\/1\/?p=149481"},"modified":"2020-01-27T13:13:31","modified_gmt":"2020-01-27T16:13:31","slug":"comecam-inscricoes-para-concurso-com-salarios-de-ate-r-10-mil","status":"publish","type":"post","link":"https:\/\/www.caririemacao.com\/1\/2020\/01\/27\/comecam-inscricoes-para-concurso-com-salarios-de-ate-r-10-mil\/","title":{"rendered":"Come\u00e7am inscri\u00e7\u00f5es para concurso com sal\u00e1rios de at\u00e9 R$ 10 mil"},"content":{"rendered":"\n<p>Nesta segunda (27) come\u00e7am inscri\u00e7\u00f5es para o concurso p\u00fablico da Prefeitura de&nbsp;<strong><a href=\"http:\/\/saojoselt.pb.gov.br\/\" target=\"_blank\" rel=\"noreferrer noopener\">S\u00e3o Jos\u00e9 da Lagoa Tapada<\/a><\/strong>, no Sert\u00e3o da Para\u00edba, a 462 km de Jo\u00e3o Pessoa. O objetivo \u00e9 preencher 23 vagas do quadro de pessoal. As oportunidades s\u00e3o para n\u00edveis m\u00e9dio\/t\u00e9cnico e superior e as remunera\u00e7\u00f5es variam de R$ 1.045 a R$ 10 mil.&nbsp;<a href=\"http:\/\/www.facetconcursos.com.br\/sjltapada\/edital.pdf\" target=\"_blank\" rel=\"noreferrer noopener\"><strong>Confira aqui<\/strong><\/a>&nbsp;o edital.<\/p>\n\n\n\n<p>As inscri\u00e7\u00f5es seguem at\u00e9 o dia 28 de fevereiro de 2020 atrav\u00e9s do<a href=\"http:\/\/www.facetconcursos.com.br\/\" target=\"_blank\" rel=\"noreferrer noopener\"><strong>&nbsp;site da organizadora<\/strong><\/a>, mediante pagamento de taxa de inscri\u00e7\u00e3o que varia de R$ 65,50 a R$ 90,50. A carga hor\u00e1ria dos contratados ir\u00e1 variar de 25 a 40 horas semanais.<\/p>\n\n\n\n<p>A sele\u00e7\u00e3o ser\u00e1 realizada por meio de prova objetiva para todos os cargos na prov\u00e1vel data de 29 de mar\u00e7o de 2020 e prova de t\u00edtulos para alguns cargos conforme consta em edital de abertura.<\/p>\n\n\n\n<p>Com Portal Correio<\/p>\n","protected":false},"excerpt":{"rendered":"<p>Nesta segunda (27) come\u00e7am inscri\u00e7\u00f5es para o concurso p\u00fablico da Prefeitura de&nbsp;S\u00e3o Jos\u00e9 da Lagoa Tapada, no Sert\u00e3o da Para\u00edba, a 462 km de Jo\u00e3o&hellip; <\/p>\n","protected":false},"author":1,"featured_media":136416,"comment_status":"closed","ping_status":"closed","sticky":false,"template":"","format":"standard","meta":{"sfsi_plus_gutenberg_text_before_share":"","sfsi_plus_gutenberg_show_text_before_share":"","sfsi_plus_gutenberg_icon_type":"","sfsi_plus_gutenberg_icon_alignemt":"","sfsi_plus_gutenburg_max_per_row":"","footnotes":""},"categories":[6],"tags":[],"class_list":["post-149481","post","type-post","status-publish","format-standard","has-post-thumbnail","hentry","category-cidades"],"_links":{"self":[{"href":"https:\/\/www.caririemacao.com\/1\/wp-json\/wp\/v2\/posts\/149481","targetHints":{"allow":["GET"]}}],"collection":[{"href":"https:\/\/www.caririemacao.com\/1\/wp-json\/wp\/v2\/posts"}],"about":[{"href":"https:\/\/www.caririemacao.com\/1\/wp-json\/wp\/v2\/types\/post"}],"author":[{"embeddable":true,"href":"https:\/\/www.caririemacao.com\/1\/wp-json\/wp\/v2\/users\/1"}],"replies":[{"embeddable":true,"href":"https:\/\/www.caririemacao.com\/1\/wp-json\/wp\/v2\/comments?post=149481"}],"version-history":[{"count":1,"href":"https:\/\/www.caririemacao.com\/1\/wp-json\/wp\/v2\/posts\/149481\/revisions"}],"predecessor-version":[{"id":149482,"href":"https:\/\/www.caririemacao.com\/1\/wp-json\/wp\/v2\/posts\/149481\/revisions\/149482"}],"wp:featuredmedia":[{"embeddable":true,"href":"https:\/\/www.caririemacao.com\/1\/wp-json\/wp\/v2\/media\/136416"}],"wp:attachment":[{"href":"https:\/\/www.caririemacao.com\/1\/wp-json\/wp\/v2\/media?parent=149481"}],"wp:term":[{"taxonomy":"category","embeddable":true,"href":"https:\/\/www.caririemacao.com\/1\/wp-json\/wp\/v2\/categories?post=149481"},{"taxonomy":"post_tag","embeddable":true,"href":"https:\/\/www.caririemacao.com\/1\/wp-json\/wp\/v2\/tags?post=149481"}],"curies":[{"name":"wp","href":"https:\/\/api.w.org\/{rel}","templated":true}]}}