{"id":149488,"date":"2020-01-27T13:15:14","date_gmt":"2020-01-27T16:15:14","guid":{"rendered":"http:\/\/www.caririemacao.com\/1\/?p=149488"},"modified":"2020-01-27T13:15:16","modified_gmt":"2020-01-27T16:15:16","slug":"no-cariri-prf-apreende-armas-de-brinquedo-e-r-5-mil-roubados-de-comerciante-em-caruaru","status":"publish","type":"post","link":"https:\/\/www.caririemacao.com\/1\/2020\/01\/27\/no-cariri-prf-apreende-armas-de-brinquedo-e-r-5-mil-roubados-de-comerciante-em-caruaru\/","title":{"rendered":"NO CARIRI: PRF apreende armas de brinquedo e R$ 5 mil roubados de comerciante em Caruaru"},"content":{"rendered":"\n<p>A Pol\u00edcia Rodovi\u00e1ria Federal (PRF) deflagrou, na madrugada desta segunda-feira (04), a Opera\u00e7\u00e3o Sulanca com o objetivo de coibir assaltos na BR-104, que liga os munic\u00edpios de Campina Grande, na Para\u00edba, e Caruaru, em Pernambuco.<\/p>\n\n\n\n<p>A corpora\u00e7\u00e3o afirmou que durante as abordagens, em Alcantil, no Cariri da Para\u00edba, houve a tentativa de parar um carro modelo Corolla, mas o ve\u00edculo fugiu das guarni\u00e7\u00f5es.<\/p>\n\n\n\n<p>\u201cEle evadiu em uma tentativa de abordagem e as equipes fizeram a persegui\u00e7\u00e3o. Por\u00e9m, o ve\u00edculo perdeu o controle e saiu da pista. Com o incidente, os ocupantes acabaram fugindo para o mato, mas deixaram alguns objetos que foram roubados de uma loja em Caruaru, dentre eles algumas pistolas do tipo simulacro, lunetas e cerca de R$ 5 mil de um comerciante do munic\u00edpio pernambucano\u201d, afirmou a PRF por meio de sua assessoria de comunica\u00e7\u00e3o.<\/p>\n\n\n\n<p>O ve\u00edculo, usado pelos suspeitos, n\u00e3o cont\u00e9m ocorr\u00eancia sobre roubo ou furto. A PRF disse que fez contato com o propriet\u00e1rio, mas ele informou que n\u00e3o tem conhecimento sobre o carro. Ent\u00e3o, h\u00e1 a suspeita de que o autom\u00f3vel tenha sido adquirido por meio de documenta\u00e7\u00e3o falsa.<\/p>\n\n\n\n<p>O caso foi levado para a delegacia de Queimadas, no Agreste do Estado.<\/p>\n\n\n\n<p><em>Mais PB<\/em><\/p>\n","protected":false},"excerpt":{"rendered":"<p>A Pol\u00edcia Rodovi\u00e1ria Federal (PRF) deflagrou, na madrugada desta segunda-feira (04), a Opera\u00e7\u00e3o Sulanca com o objetivo de coibir assaltos na BR-104, que liga os&hellip; <\/p>\n","protected":false},"author":1,"featured_media":149491,"comment_status":"closed","ping_status":"closed","sticky":false,"template":"","format":"standard","meta":{"sfsi_plus_gutenberg_text_before_share":"","sfsi_plus_gutenberg_show_text_before_share":"","sfsi_plus_gutenberg_icon_type":"","sfsi_plus_gutenberg_icon_alignemt":"","sfsi_plus_gutenburg_max_per_row":"","footnotes":""},"categories":[12],"tags":[],"class_list":["post-149488","post","type-post","status-publish","format-standard","has-post-thumbnail","hentry","category-policia"],"_links":{"self":[{"href":"https:\/\/www.caririemacao.com\/1\/wp-json\/wp\/v2\/posts\/149488","targetHints":{"allow":["GET"]}}],"collection":[{"href":"https:\/\/www.caririemacao.com\/1\/wp-json\/wp\/v2\/posts"}],"about":[{"href":"https:\/\/www.caririemacao.com\/1\/wp-json\/wp\/v2\/types\/post"}],"author":[{"embeddable":true,"href":"https:\/\/www.caririemacao.com\/1\/wp-json\/wp\/v2\/users\/1"}],"replies":[{"embeddable":true,"href":"https:\/\/www.caririemacao.com\/1\/wp-json\/wp\/v2\/comments?post=149488"}],"version-history":[{"count":1,"href":"https:\/\/www.caririemacao.com\/1\/wp-json\/wp\/v2\/posts\/149488\/revisions"}],"predecessor-version":[{"id":149492,"href":"https:\/\/www.caririemacao.com\/1\/wp-json\/wp\/v2\/posts\/149488\/revisions\/149492"}],"wp:featuredmedia":[{"embeddable":true,"href":"https:\/\/www.caririemacao.com\/1\/wp-json\/wp\/v2\/media\/149491"}],"wp:attachment":[{"href":"https:\/\/www.caririemacao.com\/1\/wp-json\/wp\/v2\/media?parent=149488"}],"wp:term":[{"taxonomy":"category","embeddable":true,"href":"https:\/\/www.caririemacao.com\/1\/wp-json\/wp\/v2\/categories?post=149488"},{"taxonomy":"post_tag","embeddable":true,"href":"https:\/\/www.caririemacao.com\/1\/wp-json\/wp\/v2\/tags?post=149488"}],"curies":[{"name":"wp","href":"https:\/\/api.w.org\/{rel}","templated":true}]}}