{"id":149496,"date":"2020-01-27T13:30:43","date_gmt":"2020-01-27T16:30:43","guid":{"rendered":"http:\/\/www.caririemacao.com\/1\/?p=149496"},"modified":"2020-01-27T13:30:44","modified_gmt":"2020-01-27T16:30:44","slug":"prefeitura-de-prata-inicia-projeto-de-arborizacao-doando-arvores-e-mudas","status":"publish","type":"post","link":"https:\/\/www.caririemacao.com\/1\/2020\/01\/27\/prefeitura-de-prata-inicia-projeto-de-arborizacao-doando-arvores-e-mudas\/","title":{"rendered":"Prefeitura de Prata inicia projeto de arboriza\u00e7\u00e3o doando \u00e1rvores e mudas"},"content":{"rendered":"\n<figure class=\"wp-block-image\"><a href=\"https:\/\/1.bp.blogspot.com\/-4HYZ7c5SuyQ\/Xi7by4FAiYI\/AAAAAAAAHas\/rfmpSstUpmszrQX6YEogkbSjrWSzOelCgCLcBGAsYHQ\/s1600\/3.jpg\"><img decoding=\"async\" data-src=\"https:\/\/1.bp.blogspot.com\/-4HYZ7c5SuyQ\/Xi7by4FAiYI\/AAAAAAAAHas\/rfmpSstUpmszrQX6YEogkbSjrWSzOelCgCLcBGAsYHQ\/s280\/3.jpg\" alt=\"\" src=\"data:image\/svg+xml;base64,PHN2ZyB3aWR0aD0iMSIgaGVpZ2h0PSIxIiB4bWxucz0iaHR0cDovL3d3dy53My5vcmcvMjAwMC9zdmciPjwvc3ZnPg==\" class=\"lazyload\" \/><\/a><\/figure>\n\n\n\n<p>A gest\u00e3o municipal da Prata deu in\u00edcio a um arrojado projeto de arboriza\u00e7\u00e3o, por determina\u00e7\u00e3o do prefeito Junior N\u00f3brega.<br><\/p>\n\n\n\n<p>A prefeitura municipal investe na arboriza\u00e7\u00e3o de toda a cidade, onde est\u00e3o sendo plantadas \u00e1rvores de v\u00e1rios tipos, \u00e0 exemplos de jacarand\u00e1s, ip\u00eas de todas as cores, pata de vaca, flamboyant, aroeirinha, espat\u00f3dea, cerejas, ac\u00e1cias,calistenias e outras.<\/p>\n\n\n\n<p><br>A gest\u00e3o municipal est\u00e1 doando as mudas e plantando em frente das casas e os morador se encarregam dos cuidados, como aguar e manter a plantinha viva.<br>De acordo com o prefeito J\u00fanior N\u00f3brega, este \u00e9 um legado que ficar\u00e1 para sempre para os cidad\u00e3os, e a Prata pode se tornar uma das cidades mais arborizadas da Para\u00edba.<\/p>\n","protected":false},"excerpt":{"rendered":"<p>A gest\u00e3o municipal da Prata deu in\u00edcio a um arrojado projeto de arboriza\u00e7\u00e3o, por determina\u00e7\u00e3o do prefeito Junior N\u00f3brega. A prefeitura municipal investe na arboriza\u00e7\u00e3o&hellip; <\/p>\n","protected":false},"author":1,"featured_media":27801,"comment_status":"closed","ping_status":"closed","sticky":false,"template":"","format":"standard","meta":{"sfsi_plus_gutenberg_text_before_share":"","sfsi_plus_gutenberg_show_text_before_share":"","sfsi_plus_gutenberg_icon_type":"","sfsi_plus_gutenberg_icon_alignemt":"","sfsi_plus_gutenburg_max_per_row":"","footnotes":""},"categories":[2],"tags":[],"class_list":["post-149496","post","type-post","status-publish","format-standard","has-post-thumbnail","hentry","category-geral"],"_links":{"self":[{"href":"https:\/\/www.caririemacao.com\/1\/wp-json\/wp\/v2\/posts\/149496","targetHints":{"allow":["GET"]}}],"collection":[{"href":"https:\/\/www.caririemacao.com\/1\/wp-json\/wp\/v2\/posts"}],"about":[{"href":"https:\/\/www.caririemacao.com\/1\/wp-json\/wp\/v2\/types\/post"}],"author":[{"embeddable":true,"href":"https:\/\/www.caririemacao.com\/1\/wp-json\/wp\/v2\/users\/1"}],"replies":[{"embeddable":true,"href":"https:\/\/www.caririemacao.com\/1\/wp-json\/wp\/v2\/comments?post=149496"}],"version-history":[{"count":1,"href":"https:\/\/www.caririemacao.com\/1\/wp-json\/wp\/v2\/posts\/149496\/revisions"}],"predecessor-version":[{"id":149503,"href":"https:\/\/www.caririemacao.com\/1\/wp-json\/wp\/v2\/posts\/149496\/revisions\/149503"}],"wp:featuredmedia":[{"embeddable":true,"href":"https:\/\/www.caririemacao.com\/1\/wp-json\/wp\/v2\/media\/27801"}],"wp:attachment":[{"href":"https:\/\/www.caririemacao.com\/1\/wp-json\/wp\/v2\/media?parent=149496"}],"wp:term":[{"taxonomy":"category","embeddable":true,"href":"https:\/\/www.caririemacao.com\/1\/wp-json\/wp\/v2\/categories?post=149496"},{"taxonomy":"post_tag","embeddable":true,"href":"https:\/\/www.caririemacao.com\/1\/wp-json\/wp\/v2\/tags?post=149496"}],"curies":[{"name":"wp","href":"https:\/\/api.w.org\/{rel}","templated":true}]}}