{"id":149506,"date":"2020-01-27T13:33:04","date_gmt":"2020-01-27T16:33:04","guid":{"rendered":"http:\/\/www.caririemacao.com\/1\/?p=149506"},"modified":"2020-01-27T13:33:06","modified_gmt":"2020-01-27T16:33:06","slug":"galdino-aposta-em-consenso-para-aprovacao-da-pb-saude","status":"publish","type":"post","link":"https:\/\/www.caririemacao.com\/1\/2020\/01\/27\/galdino-aposta-em-consenso-para-aprovacao-da-pb-saude\/","title":{"rendered":"Galdino aposta em consenso para aprova\u00e7\u00e3o da PB Sa\u00fade"},"content":{"rendered":"\n<p>O presidente da Assembleia Legislativa da Para\u00edba (ALPB), deputado Adriano Galdino (PSB), disse, nesta segunda-feira (27), que os projetos de lei referentes a Funda\u00e7\u00e3o PB Sa\u00fade e a nova PBPrev ser\u00e3o as prioridades da Casa no retorno dos trabalhos.<\/p>\n\n\n\n<p>De acordo com Galdino, \u201ch\u00e1 um consenso\u201d pela aprova\u00e7\u00e3o da Funda\u00e7\u00e3o, ap\u00f3s o fim do v\u00ednculo do Estado com as organiza\u00e7\u00f5es sociais que geriram os hospitais p\u00fablicos da Para\u00edba no governo Ricardo Coutinho (PSB).<\/p>\n\n\n\n<p>\u201cAs dificuldades j\u00e1 foram superadas. Acho que existe um consenso de aprovar a PB Sa\u00fade, haja vista que as organiza\u00e7\u00f5es sociais est\u00e3o deixando a Para\u00edba e precisamos de um outro instrumento, com mais efici\u00eancia para ajudar na gest\u00e3o p\u00fablica de Sa\u00fade\u201d, afirmou o parlamentar.<\/p>\n\n\n\n<p>Al\u00e9m da Funda\u00e7\u00e3o PB Sa\u00fade, outra mat\u00e9ria enviada pelo Executivo, mas esta com maior resist\u00eancia da oposi\u00e7\u00e3o, ser\u00e1 colocada em vota\u00e7\u00e3o. Trata-se da PBPrev, que eleva a al\u00edquota de 11 a 14% para os servidores p\u00fablicos. O governo argumenta que o sistema de al\u00edquota progressiva, modelo defendido pelos deputados de oposi\u00e7\u00e3o, afetaria os aposentados e pensionistas, hoje isentos da contribui\u00e7\u00e3o em sua maioria.<\/p>\n\n\n\n<p>\u201cA oposi\u00e7\u00e3o est\u00e1 no seu papel, mas o governo tem maioria e iremos avan\u00e7ar tamb\u00e9m nessa pauta\u201d, concluiu Galdino.<\/p>\n\n\n\n<p><strong>MaisPB&nbsp;<\/strong><\/p>\n","protected":false},"excerpt":{"rendered":"<p>O presidente da Assembleia Legislativa da Para\u00edba (ALPB), deputado Adriano Galdino (PSB), disse, nesta segunda-feira (27), que os projetos de lei referentes a Funda\u00e7\u00e3o PB&hellip; <\/p>\n","protected":false},"author":1,"featured_media":115077,"comment_status":"closed","ping_status":"closed","sticky":false,"template":"","format":"standard","meta":{"sfsi_plus_gutenberg_text_before_share":"","sfsi_plus_gutenberg_show_text_before_share":"","sfsi_plus_gutenberg_icon_type":"","sfsi_plus_gutenberg_icon_alignemt":"","sfsi_plus_gutenburg_max_per_row":"","footnotes":""},"categories":[11],"tags":[],"class_list":["post-149506","post","type-post","status-publish","format-standard","has-post-thumbnail","hentry","category-politica"],"_links":{"self":[{"href":"https:\/\/www.caririemacao.com\/1\/wp-json\/wp\/v2\/posts\/149506","targetHints":{"allow":["GET"]}}],"collection":[{"href":"https:\/\/www.caririemacao.com\/1\/wp-json\/wp\/v2\/posts"}],"about":[{"href":"https:\/\/www.caririemacao.com\/1\/wp-json\/wp\/v2\/types\/post"}],"author":[{"embeddable":true,"href":"https:\/\/www.caririemacao.com\/1\/wp-json\/wp\/v2\/users\/1"}],"replies":[{"embeddable":true,"href":"https:\/\/www.caririemacao.com\/1\/wp-json\/wp\/v2\/comments?post=149506"}],"version-history":[{"count":1,"href":"https:\/\/www.caririemacao.com\/1\/wp-json\/wp\/v2\/posts\/149506\/revisions"}],"predecessor-version":[{"id":149511,"href":"https:\/\/www.caririemacao.com\/1\/wp-json\/wp\/v2\/posts\/149506\/revisions\/149511"}],"wp:featuredmedia":[{"embeddable":true,"href":"https:\/\/www.caririemacao.com\/1\/wp-json\/wp\/v2\/media\/115077"}],"wp:attachment":[{"href":"https:\/\/www.caririemacao.com\/1\/wp-json\/wp\/v2\/media?parent=149506"}],"wp:term":[{"taxonomy":"category","embeddable":true,"href":"https:\/\/www.caririemacao.com\/1\/wp-json\/wp\/v2\/categories?post=149506"},{"taxonomy":"post_tag","embeddable":true,"href":"https:\/\/www.caririemacao.com\/1\/wp-json\/wp\/v2\/tags?post=149506"}],"curies":[{"name":"wp","href":"https:\/\/api.w.org\/{rel}","templated":true}]}}