{"id":149515,"date":"2020-01-27T13:34:31","date_gmt":"2020-01-27T16:34:31","guid":{"rendered":"http:\/\/www.caririemacao.com\/1\/?p=149515"},"modified":"2020-01-27T13:34:32","modified_gmt":"2020-01-27T16:34:32","slug":"emendas-do-senador-veneziano-asseguram-obras-do-mercado-publico-e-quadra-de-esportes-em-caraubas","status":"publish","type":"post","link":"https:\/\/www.caririemacao.com\/1\/2020\/01\/27\/emendas-do-senador-veneziano-asseguram-obras-do-mercado-publico-e-quadra-de-esportes-em-caraubas\/","title":{"rendered":"Emendas do senador Veneziano asseguram obras do Mercado P\u00fablico e quadra de esportes em Cara\u00fabas"},"content":{"rendered":"\n<p>Em agradecimento p\u00fablico aos recursos destinados pelo senador Veneziano Vital do R\u00eago (PSB-PB) para a constru\u00e7\u00e3o da nova estrutura de mercado p\u00fablico e da quadra de esportes do Est\u00e1dio Jos\u00e9 Valderi Neves, no munic\u00edpio de Cara\u00fabas, o prefeito Silvano Dudu mostrou, pelas redes sociais da prefeitura, o andamento das obras e sua gratid\u00e3o, em nome da popula\u00e7\u00e3o caraubense, ao compromisso permanente do parlamentar com a cidade.<\/p>\n\n\n\n<p>Em v\u00eddeo, o prefeito mostra como est\u00e3o adiantadas as obras da nova estrutura de mercado p\u00fablico da cidade. Inaugurado em 1974, o Mercado P\u00fablico Municipal Manoel Clementino das Neves recebe oficialmente a sua principal e primeira grande reforma pela atual gest\u00e3o da prefeitura. \u201cGra\u00e7as ao empenho do prefeito Silvano Dudu junto ao ex-deputado federal e hoje senador da Rep\u00fablica, Veneziano, que assegurou a conquista de recursos na ordem de aproximadamente R$ 400.000,00 (Quatrocentos Mil Reais) para realiza\u00e7\u00e3o da mencionado obra\u201d.<\/p>\n\n\n\n<p>Segundo Veneziano, no novo projeto arquitet\u00f4nico, a principal pra\u00e7a de comercializa\u00e7\u00e3o da cidade recebe uma nova infraestrutura, que permitir\u00e1 aos comerciantes locais desfrutar de um espa\u00e7o amplo, confort\u00e1vel e aconchegante. No hall de entrada do novo mercado funcionar\u00e3o lojinhas de artesanato, setor de vestu\u00e1rio e de hortifr\u00fati. J\u00e1 no segundo pavimento ir\u00e1 funcionar apenas a comercializa\u00e7\u00e3o de carnes e seus derivados. Os antigos boxes de carnes dar\u00e3o lugar um moderno e higi\u00eanico espa\u00e7o para comercializa\u00e7\u00e3o de carnes bovinas, de caprinos, ovinos, su\u00ednos, aves e peixes.<\/p>\n\n\n\n<p>Outra novidade nessa nova estrutura ser\u00e1 o espa\u00e7o dedicado \u00e0 pra\u00e7a de alimenta\u00e7\u00e3o. Anteriormente, segundo o gestor, funcionava junto com o setor de comercializa\u00e7\u00e3o de carnes, algo que n\u00e3o ser\u00e1 mais permitido neste novo ambiente. Haver\u00e1 espa\u00e7o para lanchonetes, bares e restaurantes Ainda na pra\u00e7a est\u00e3o sendo constru\u00eddos os sanit\u00e1rios masculino, feminino e de portadores de necessidades especiais, atendendo as normas da ABNT.<\/p>\n\n\n\n<p>Quadra de Esportes \u2013 Outro post da prefeitura mostra que est\u00e3o avan\u00e7adas as obras da quadra de esportes do Est\u00e1dio Jos\u00e9 Valderi Neves, tamb\u00e9m no munic\u00edpio de Cara\u00fabas, que conta com recursos do senador Veneziano. J\u00e1 foram realizadas obras de nivelamento da base, edifica\u00e7\u00e3o dos muros laterais, coloca\u00e7\u00e3o das ponteiras e, esta semana, come\u00e7ou a receber o concretamento do piso, que ser\u00e1 revestido de gran\u00edtico.<\/p>\n","protected":false},"excerpt":{"rendered":"<p>Em agradecimento p\u00fablico aos recursos destinados pelo senador Veneziano Vital do R\u00eago (PSB-PB) para a constru\u00e7\u00e3o da nova estrutura de mercado p\u00fablico e da quadra&hellip; <\/p>\n","protected":false},"author":1,"featured_media":119733,"comment_status":"closed","ping_status":"closed","sticky":false,"template":"","format":"standard","meta":{"sfsi_plus_gutenberg_text_before_share":"","sfsi_plus_gutenberg_show_text_before_share":"","sfsi_plus_gutenberg_icon_type":"","sfsi_plus_gutenberg_icon_alignemt":"","sfsi_plus_gutenburg_max_per_row":"","footnotes":""},"categories":[11],"tags":[],"class_list":["post-149515","post","type-post","status-publish","format-standard","has-post-thumbnail","hentry","category-politica"],"_links":{"self":[{"href":"https:\/\/www.caririemacao.com\/1\/wp-json\/wp\/v2\/posts\/149515","targetHints":{"allow":["GET"]}}],"collection":[{"href":"https:\/\/www.caririemacao.com\/1\/wp-json\/wp\/v2\/posts"}],"about":[{"href":"https:\/\/www.caririemacao.com\/1\/wp-json\/wp\/v2\/types\/post"}],"author":[{"embeddable":true,"href":"https:\/\/www.caririemacao.com\/1\/wp-json\/wp\/v2\/users\/1"}],"replies":[{"embeddable":true,"href":"https:\/\/www.caririemacao.com\/1\/wp-json\/wp\/v2\/comments?post=149515"}],"version-history":[{"count":1,"href":"https:\/\/www.caririemacao.com\/1\/wp-json\/wp\/v2\/posts\/149515\/revisions"}],"predecessor-version":[{"id":149516,"href":"https:\/\/www.caririemacao.com\/1\/wp-json\/wp\/v2\/posts\/149515\/revisions\/149516"}],"wp:featuredmedia":[{"embeddable":true,"href":"https:\/\/www.caririemacao.com\/1\/wp-json\/wp\/v2\/media\/119733"}],"wp:attachment":[{"href":"https:\/\/www.caririemacao.com\/1\/wp-json\/wp\/v2\/media?parent=149515"}],"wp:term":[{"taxonomy":"category","embeddable":true,"href":"https:\/\/www.caririemacao.com\/1\/wp-json\/wp\/v2\/categories?post=149515"},{"taxonomy":"post_tag","embeddable":true,"href":"https:\/\/www.caririemacao.com\/1\/wp-json\/wp\/v2\/tags?post=149515"}],"curies":[{"name":"wp","href":"https:\/\/api.w.org\/{rel}","templated":true}]}}