{"id":149519,"date":"2020-01-27T13:35:46","date_gmt":"2020-01-27T16:35:46","guid":{"rendered":"http:\/\/www.caririemacao.com\/1\/?p=149519"},"modified":"2020-01-27T13:35:47","modified_gmt":"2020-01-27T16:35:47","slug":"governador-acredita-que-fundacao-pb-saude-e-reforma-da-pbprev-devem-ser-aprovadas-sem-dificuldade","status":"publish","type":"post","link":"https:\/\/www.caririemacao.com\/1\/2020\/01\/27\/governador-acredita-que-fundacao-pb-saude-e-reforma-da-pbprev-devem-ser-aprovadas-sem-dificuldade\/","title":{"rendered":"Governador acredita que Funda\u00e7\u00e3o PB Sa\u00fade e reforma da PBPrev devem ser aprovadas sem dificuldade"},"content":{"rendered":"\n<p>O Governador Jo\u00e3o Azev\u00eado conta com a Assembleia Legislativa da Para\u00edba (ALPB) para aprovar projetos importantes, como a cria\u00e7\u00e3o da Funda\u00e7\u00e3o PB Sa\u00fade e a reforma da previd\u00eancia estadual e acredita que n\u00e3o haver\u00e1 dificuldade para isso. Em entrevista concedida na manh\u00e3 desta segunda-feira (27), durante cerim\u00f4nia de pr\u00e9-embarque dos estudantes selecionados pelo Programa Giramundo, Jo\u00e3o Azev\u00eado afirmou que a rela\u00e7\u00e3o entre o Governo e a Assembleia \u00e9 de extrema tranquilidade.<\/p>\n\n\n\n<p>Segundo Azev\u00eado, mesmo com toda turbul\u00eancia que houve em 2019, a presid\u00eancia do deputado Adriano Galdino na Assembleia sempre foi conduzida no sentido de manter a governabilidade e em 2020 n\u00e3o ser\u00e1 diferente.&nbsp;<\/p>\n\n\n\n<p>O governador destacou que este dever\u00e1 ser um ano dif\u00edcil. &#8220;A economia n\u00e3o crescer\u00e1 no ritmo que a gente espera, mas com a ajuda da Assembleia a Para\u00edba vai passar esse ano&#8221;, comentou o governador. &#8220;A Assembleia tem o papel fundamental de oferecer governabilidade para que a Para\u00edba continue avan\u00e7ando&#8221;, completou.<\/p>\n\n\n\n<p>De acordo com o governador, a PB Sa\u00fade parte de um consenso de que o modelo de OS (Organiza\u00e7\u00e3o Social) n\u00e3o funcionou na Para\u00edba e \u00e9 necess\u00e1rio apresentar outro modelo. Por isso, ele acredita que n\u00e3o haver\u00e1 dificuldade para o projeto ser aprovado na ALPB.<\/p>\n\n\n\n<p>Em rela\u00e7\u00e3o \u00e0 reforma da previd\u00eancia estadual, o governador explicou que tamb\u00e9m \u00e9 obriga\u00e7\u00e3o do Estado apresentar uma solu\u00e7\u00e3o. &#8220;At\u00e9 porque se o Estado n\u00e3o fizer altera\u00e7\u00e3o, em junho n\u00e3o ter\u00e1 mais atestado de regularidade da PB Prev e seria um caos para a previd\u00eancia do Estado&#8221;, disse Azev\u00eado.<\/p>\n\n\n\n<p>O governador explicou que embora a op\u00e7\u00e3o por uma al\u00edquota progressiva para a previd\u00eancia trouxesse mais arrecada\u00e7\u00e3o para o Estado, n\u00e3o seria justo com os inativos, que teriam que passar a contribuir. Por isso, a proposta do Estado \u00e9 de trabalhar com a al\u00edquota \u00fanica de 14%.<\/p>\n","protected":false},"excerpt":{"rendered":"<p>O Governador Jo\u00e3o Azev\u00eado conta com a Assembleia Legislativa da Para\u00edba (ALPB) para aprovar projetos importantes, como a cria\u00e7\u00e3o da Funda\u00e7\u00e3o PB Sa\u00fade e a&hellip; <\/p>\n","protected":false},"author":1,"featured_media":148287,"comment_status":"closed","ping_status":"closed","sticky":false,"template":"","format":"standard","meta":{"sfsi_plus_gutenberg_text_before_share":"","sfsi_plus_gutenberg_show_text_before_share":"","sfsi_plus_gutenberg_icon_type":"","sfsi_plus_gutenberg_icon_alignemt":"","sfsi_plus_gutenburg_max_per_row":"","footnotes":""},"categories":[11],"tags":[],"class_list":["post-149519","post","type-post","status-publish","format-standard","has-post-thumbnail","hentry","category-politica"],"_links":{"self":[{"href":"https:\/\/www.caririemacao.com\/1\/wp-json\/wp\/v2\/posts\/149519","targetHints":{"allow":["GET"]}}],"collection":[{"href":"https:\/\/www.caririemacao.com\/1\/wp-json\/wp\/v2\/posts"}],"about":[{"href":"https:\/\/www.caririemacao.com\/1\/wp-json\/wp\/v2\/types\/post"}],"author":[{"embeddable":true,"href":"https:\/\/www.caririemacao.com\/1\/wp-json\/wp\/v2\/users\/1"}],"replies":[{"embeddable":true,"href":"https:\/\/www.caririemacao.com\/1\/wp-json\/wp\/v2\/comments?post=149519"}],"version-history":[{"count":1,"href":"https:\/\/www.caririemacao.com\/1\/wp-json\/wp\/v2\/posts\/149519\/revisions"}],"predecessor-version":[{"id":149520,"href":"https:\/\/www.caririemacao.com\/1\/wp-json\/wp\/v2\/posts\/149519\/revisions\/149520"}],"wp:featuredmedia":[{"embeddable":true,"href":"https:\/\/www.caririemacao.com\/1\/wp-json\/wp\/v2\/media\/148287"}],"wp:attachment":[{"href":"https:\/\/www.caririemacao.com\/1\/wp-json\/wp\/v2\/media?parent=149519"}],"wp:term":[{"taxonomy":"category","embeddable":true,"href":"https:\/\/www.caririemacao.com\/1\/wp-json\/wp\/v2\/categories?post=149519"},{"taxonomy":"post_tag","embeddable":true,"href":"https:\/\/www.caririemacao.com\/1\/wp-json\/wp\/v2\/tags?post=149519"}],"curies":[{"name":"wp","href":"https:\/\/api.w.org\/{rel}","templated":true}]}}