{"id":149523,"date":"2020-01-27T13:37:47","date_gmt":"2020-01-27T16:37:47","guid":{"rendered":"http:\/\/www.caririemacao.com\/1\/?p=149523"},"modified":"2020-01-27T13:37:49","modified_gmt":"2020-01-27T16:37:49","slug":"crianca-brasileira-com-suspeita-de-coronavirus-nas-filipinas-esta-sem-sintomas-diz-embaixador-do-brasil","status":"publish","type":"post","link":"https:\/\/www.caririemacao.com\/1\/2020\/01\/27\/crianca-brasileira-com-suspeita-de-coronavirus-nas-filipinas-esta-sem-sintomas-diz-embaixador-do-brasil\/","title":{"rendered":"Crian\u00e7a brasileira com suspeita de coronav\u00edrus nas Filipinas est\u00e1 sem sintomas, diz embaixador do Brasil"},"content":{"rendered":"\n<p>O embaixador do Brasil nas Filipinas, Rodrigo do Amaral Souza, confirmou que uma crian\u00e7a brasileira de 10 anos est\u00e1 internada no pa\u00eds com suspeita de coronav\u00edrus.<\/p>\n\n\n\n<p>Segundo o embaixador, ela est\u00e1 bem e n\u00e3o apresenta sintomas no momento, mas o resultado dos exames deve ficar pronto apenas na quarta-feira (29). As informa\u00e7\u00f5es s\u00e3o do Hora 1.<\/p>\n\n\n\n<p>A crian\u00e7a \u00e9 filha de m\u00e3e colombiana e pai brasileiro. Eles moram na cidade chinesa de Wuhan \u2013 considerada epicentro da doen\u00e7a \u2013 e viajaram para Filipinas de f\u00e9rias. Como a menina apresentou febre, a fam\u00edlia procurou o hospital. Por precau\u00e7\u00e3o, toda a fam\u00edlia foi internada em isolamento.<\/p>\n\n\n\n<p><strong>Transmiss\u00e3o do v\u00edrus<\/strong><br>O ministro da Comiss\u00e3o Nacional de Sa\u00fade da China, Ma Xiaowei, disse neste domingo que o novo coronav\u00edrus pode se espalhar antes mesmo do aparecimento de sintomas. A infec\u00e7\u00e3o causada pelo v\u00edrus matou 81 pessoas no pa\u00eds, de acordo com balan\u00e7o desta segunda-feira (27).<\/p>\n\n\n\n<p>Segundo a Reuters, Ma afirmou ainda que a capacidade de transmiss\u00e3o do coronav\u00edrus est\u00e1 se fortalecendo e refor\u00e7ou as a\u00e7\u00f5es de conten\u00e7\u00e3o, que at\u00e9 agora incluem restri\u00e7\u00f5es de transporte e viagens e o cancelamento de grandes eventos, ser\u00e3o intensificados.<\/p>\n\n\n\n<p>Como medida de preven\u00e7\u00e3o do surto, o governo chin\u00eas anunciou no domingo que vai estender o recesso de Ano Novo at\u00e9 o dia 2 de fevereiro em todas as escolas do pa\u00eds.<\/p>\n\n\n\n<p>Ainda neste domingo, a China anunciou uma proibi\u00e7\u00e3o nacional da venda de animais silvestres em mercados, restaurantes e plataformas de com\u00e9rcio eletr\u00f4nico. Acredita-se que o v\u00edrus tenha se originado no final do ano passado em um mercado na cidade chinesa de Wuhan, que vendia ilegalmente animais selvagens.<\/p>\n\n\n\n<p><strong>Minist\u00e9rio da Sa\u00fade descarta casos suspeitos no Brasil<\/strong><br>O Minist\u00e9rio da Sa\u00fade afirmou na quinta-feira (23) que descartou cinco casos suspeitos da doen\u00e7a no Brasil. Os registros estavam sendo investigados em Minas Gerais, Distrito Federal, S\u00e3o Paulo, Santa Catarina e Rio Grande do Sul.<\/p>\n\n\n\n<p>De acordo com a pasta, o Brasil est\u00e1 em alerta 1 para o v\u00edrus (inicial), em uma escala que vai de 1 a 3. O n\u00edvel mais elevado \u00e9 ativado quando s\u00e3o confirmados casos transmitidos em solo nacional.<\/p>\n","protected":false},"excerpt":{"rendered":"<p>O embaixador do Brasil nas Filipinas, Rodrigo do Amaral Souza, confirmou que uma crian\u00e7a brasileira de 10 anos est\u00e1 internada no pa\u00eds com suspeita de&hellip; <\/p>\n","protected":false},"author":1,"featured_media":149526,"comment_status":"closed","ping_status":"closed","sticky":false,"template":"","format":"standard","meta":{"sfsi_plus_gutenberg_text_before_share":"","sfsi_plus_gutenberg_show_text_before_share":"","sfsi_plus_gutenberg_icon_type":"","sfsi_plus_gutenberg_icon_alignemt":"","sfsi_plus_gutenburg_max_per_row":"","footnotes":""},"categories":[16],"tags":[],"class_list":["post-149523","post","type-post","status-publish","format-standard","has-post-thumbnail","hentry","category-saude"],"_links":{"self":[{"href":"https:\/\/www.caririemacao.com\/1\/wp-json\/wp\/v2\/posts\/149523","targetHints":{"allow":["GET"]}}],"collection":[{"href":"https:\/\/www.caririemacao.com\/1\/wp-json\/wp\/v2\/posts"}],"about":[{"href":"https:\/\/www.caririemacao.com\/1\/wp-json\/wp\/v2\/types\/post"}],"author":[{"embeddable":true,"href":"https:\/\/www.caririemacao.com\/1\/wp-json\/wp\/v2\/users\/1"}],"replies":[{"embeddable":true,"href":"https:\/\/www.caririemacao.com\/1\/wp-json\/wp\/v2\/comments?post=149523"}],"version-history":[{"count":1,"href":"https:\/\/www.caririemacao.com\/1\/wp-json\/wp\/v2\/posts\/149523\/revisions"}],"predecessor-version":[{"id":149527,"href":"https:\/\/www.caririemacao.com\/1\/wp-json\/wp\/v2\/posts\/149523\/revisions\/149527"}],"wp:featuredmedia":[{"embeddable":true,"href":"https:\/\/www.caririemacao.com\/1\/wp-json\/wp\/v2\/media\/149526"}],"wp:attachment":[{"href":"https:\/\/www.caririemacao.com\/1\/wp-json\/wp\/v2\/media?parent=149523"}],"wp:term":[{"taxonomy":"category","embeddable":true,"href":"https:\/\/www.caririemacao.com\/1\/wp-json\/wp\/v2\/categories?post=149523"},{"taxonomy":"post_tag","embeddable":true,"href":"https:\/\/www.caririemacao.com\/1\/wp-json\/wp\/v2\/tags?post=149523"}],"curies":[{"name":"wp","href":"https:\/\/api.w.org\/{rel}","templated":true}]}}