{"id":149530,"date":"2020-01-27T13:48:52","date_gmt":"2020-01-27T16:48:52","guid":{"rendered":"http:\/\/www.caririemacao.com\/1\/?p=149530"},"modified":"2020-01-27T13:48:53","modified_gmt":"2020-01-27T16:48:53","slug":"joao-azevedo-mantem-ricardo-barbosa-como-lider-do-governo-e-define-partido-em-fevereiro","status":"publish","type":"post","link":"https:\/\/www.caririemacao.com\/1\/2020\/01\/27\/joao-azevedo-mantem-ricardo-barbosa-como-lider-do-governo-e-define-partido-em-fevereiro\/","title":{"rendered":"Jo\u00e3o Azev\u00eado mant\u00e9m Ricardo Barbosa como l\u00edder do Governo e define partido em fevereiro"},"content":{"rendered":"\n<p>O deputado Ricardo Barbosa deve continuar como l\u00edder do Governo na Assembleia Legislativa da Para\u00edba. A declara\u00e7\u00e3o foi dada pelo governador Jo\u00e3o Azev\u00eado durante a cerim\u00f4nia de pr\u00e9-embarque do Programa Giramundo, que ocorreu no Espa\u00e7o Cultural de Jo\u00e3o Pessoa, na manh\u00e3 desta segunda-feira (27).<\/p>\n\n\n\n<p>Enquanto a oposi\u00e7\u00e3o estuda a possibilidade de mudar sua lideran\u00e7a, o governador n\u00e3o v\u00ea motivos para fazer tamb\u00e9m alguma mudan\u00e7a. \u201cO deputado Ricardo Barbosa \u00e9 o l\u00edder do Governo, n\u00e3o tenho inten\u00e7\u00e3o nenhuma de mudar em fun\u00e7\u00e3o de mudan\u00e7a da lideran\u00e7a da oposi\u00e7\u00e3o, n\u00e3o funciona dessa forma. Enquanto houver disposi\u00e7\u00e3o por parte do deputado e por parte do governo vamos mant\u00ea-lo\u201d, disse.<\/p>\n\n\n\n<p>Sobre aumentar a bancada na Assembleia, o governador afirmou que essa \u201cn\u00e3o \u00e9 uma meta, mas \u00e9 uma possibilidade\u201d.<\/p>\n\n\n\n<p>O governador tamb\u00e9m voltou a afirmar que pretende anunciar em fevereiro, o partido ao qual se filiar\u00e1. \u201cLogo logo voc\u00eas ter\u00e3o an\u00fancio em rela\u00e7\u00e3o \u00e0s quest\u00f5es pol\u00edticas\u201d, comentou. \u201cEm fevereiro\u201d, confirmou ele.<\/p>\n\n\n\n<p><em>Click PB<\/em><\/p>\n","protected":false},"excerpt":{"rendered":"<p>O deputado Ricardo Barbosa deve continuar como l\u00edder do Governo na Assembleia Legislativa da Para\u00edba. A declara\u00e7\u00e3o foi dada pelo governador Jo\u00e3o Azev\u00eado durante a&hellip; <\/p>\n","protected":false},"author":1,"featured_media":133386,"comment_status":"closed","ping_status":"closed","sticky":false,"template":"","format":"standard","meta":{"sfsi_plus_gutenberg_text_before_share":"","sfsi_plus_gutenberg_show_text_before_share":"","sfsi_plus_gutenberg_icon_type":"","sfsi_plus_gutenberg_icon_alignemt":"","sfsi_plus_gutenburg_max_per_row":"","footnotes":""},"categories":[11],"tags":[],"class_list":["post-149530","post","type-post","status-publish","format-standard","has-post-thumbnail","hentry","category-politica"],"_links":{"self":[{"href":"https:\/\/www.caririemacao.com\/1\/wp-json\/wp\/v2\/posts\/149530","targetHints":{"allow":["GET"]}}],"collection":[{"href":"https:\/\/www.caririemacao.com\/1\/wp-json\/wp\/v2\/posts"}],"about":[{"href":"https:\/\/www.caririemacao.com\/1\/wp-json\/wp\/v2\/types\/post"}],"author":[{"embeddable":true,"href":"https:\/\/www.caririemacao.com\/1\/wp-json\/wp\/v2\/users\/1"}],"replies":[{"embeddable":true,"href":"https:\/\/www.caririemacao.com\/1\/wp-json\/wp\/v2\/comments?post=149530"}],"version-history":[{"count":1,"href":"https:\/\/www.caririemacao.com\/1\/wp-json\/wp\/v2\/posts\/149530\/revisions"}],"predecessor-version":[{"id":149534,"href":"https:\/\/www.caririemacao.com\/1\/wp-json\/wp\/v2\/posts\/149530\/revisions\/149534"}],"wp:featuredmedia":[{"embeddable":true,"href":"https:\/\/www.caririemacao.com\/1\/wp-json\/wp\/v2\/media\/133386"}],"wp:attachment":[{"href":"https:\/\/www.caririemacao.com\/1\/wp-json\/wp\/v2\/media?parent=149530"}],"wp:term":[{"taxonomy":"category","embeddable":true,"href":"https:\/\/www.caririemacao.com\/1\/wp-json\/wp\/v2\/categories?post=149530"},{"taxonomy":"post_tag","embeddable":true,"href":"https:\/\/www.caririemacao.com\/1\/wp-json\/wp\/v2\/tags?post=149530"}],"curies":[{"name":"wp","href":"https:\/\/api.w.org\/{rel}","templated":true}]}}