{"id":149538,"date":"2020-01-27T13:58:37","date_gmt":"2020-01-27T16:58:37","guid":{"rendered":"http:\/\/www.caririemacao.com\/1\/?p=149538"},"modified":"2020-01-27T13:59:29","modified_gmt":"2020-01-27T16:59:29","slug":"prefeita-de-ouro-velho-firma-convenio-com-o-governo-do-estado-para-a-construcao-de-uma-escola","status":"publish","type":"post","link":"https:\/\/www.caririemacao.com\/1\/2020\/01\/27\/prefeita-de-ouro-velho-firma-convenio-com-o-governo-do-estado-para-a-construcao-de-uma-escola\/","title":{"rendered":"Prefeita de Ouro Velho firma conv\u00eanio com o Governo do Estado para a constru\u00e7\u00e3o de uma escola"},"content":{"rendered":"\n<p>A prefeita de Ouro Velho, Nat\u00e1lia de Dr. J\u00fanior, anunciou mais uma importante obra para o munic\u00edpio, desta vez, a constru\u00e7\u00e3o de uma unidade escolar com quatro salas de aula.<\/p>\n\n\n\n<figure class=\"wp-block-image size-large\"><img fetchpriority=\"high\" decoding=\"async\" width=\"1024\" height=\"683\" src=\"http:\/\/www.caririemacao.com\/1\/wp-content\/uploads\/2020\/01\/DSC_0653-1024x683.jpg\" alt=\"\" class=\"wp-image-149539\" srcset=\"https:\/\/www.caririemacao.com\/1\/wp-content\/uploads\/2020\/01\/DSC_0653-1024x683.jpg 1024w, https:\/\/www.caririemacao.com\/1\/wp-content\/uploads\/2020\/01\/DSC_0653-300x200.jpg 300w, https:\/\/www.caririemacao.com\/1\/wp-content\/uploads\/2020\/01\/DSC_0653-768x512.jpg 768w, https:\/\/www.caririemacao.com\/1\/wp-content\/uploads\/2020\/01\/DSC_0653-1536x1024.jpg 1536w, https:\/\/www.caririemacao.com\/1\/wp-content\/uploads\/2020\/01\/DSC_0653-2048x1365.jpg 2048w\" sizes=\"(max-width: 1024px) 100vw, 1024px\" \/><\/figure>\n\n\n\n<p>A escola ser\u00e1\nexecutado atrav\u00e9s de um conv\u00eanio firmado entre o Governo do Estado e a Prefeitura\nde Ouro Velho na ordem de 900 mil reais. O conv\u00eanio foi assinado e publicado no\nDi\u00e1rio Oficial do Estado e ainda esta semana ser\u00e1 iniciado o processo licitat\u00f3rio.<\/p>\n\n\n\n<p>\u201cEm breve iniciarmos\nessa grande obra. S\u00f3 temos a agradecer ao governador Jo\u00e3o Azevedo, o Chefe de gabinete,\nRonaldo Guerra, ao secret\u00e1rio Cl\u00e1udio e ao deputado Wilson filho. Em breve\nteremos mais novidades\u201d, informou o m\u00e9dico Dr. J\u00fanior.<\/p>\n","protected":false},"excerpt":{"rendered":"<p>A prefeita de Ouro Velho, Nat\u00e1lia de Dr. J\u00fanior, anunciou mais uma importante obra para o munic\u00edpio, desta vez, a constru\u00e7\u00e3o de uma unidade escolar&hellip; <\/p>\n","protected":false},"author":1,"featured_media":26330,"comment_status":"closed","ping_status":"closed","sticky":false,"template":"","format":"standard","meta":{"sfsi_plus_gutenberg_text_before_share":"","sfsi_plus_gutenberg_show_text_before_share":"","sfsi_plus_gutenberg_icon_type":"","sfsi_plus_gutenberg_icon_alignemt":"","sfsi_plus_gutenburg_max_per_row":"","footnotes":""},"categories":[6,50],"tags":[],"class_list":["post-149538","post","type-post","status-publish","format-standard","has-post-thumbnail","hentry","category-cidades","category-destaque"],"_links":{"self":[{"href":"https:\/\/www.caririemacao.com\/1\/wp-json\/wp\/v2\/posts\/149538","targetHints":{"allow":["GET"]}}],"collection":[{"href":"https:\/\/www.caririemacao.com\/1\/wp-json\/wp\/v2\/posts"}],"about":[{"href":"https:\/\/www.caririemacao.com\/1\/wp-json\/wp\/v2\/types\/post"}],"author":[{"embeddable":true,"href":"https:\/\/www.caririemacao.com\/1\/wp-json\/wp\/v2\/users\/1"}],"replies":[{"embeddable":true,"href":"https:\/\/www.caririemacao.com\/1\/wp-json\/wp\/v2\/comments?post=149538"}],"version-history":[{"count":2,"href":"https:\/\/www.caririemacao.com\/1\/wp-json\/wp\/v2\/posts\/149538\/revisions"}],"predecessor-version":[{"id":149541,"href":"https:\/\/www.caririemacao.com\/1\/wp-json\/wp\/v2\/posts\/149538\/revisions\/149541"}],"wp:featuredmedia":[{"embeddable":true,"href":"https:\/\/www.caririemacao.com\/1\/wp-json\/wp\/v2\/media\/26330"}],"wp:attachment":[{"href":"https:\/\/www.caririemacao.com\/1\/wp-json\/wp\/v2\/media?parent=149538"}],"wp:term":[{"taxonomy":"category","embeddable":true,"href":"https:\/\/www.caririemacao.com\/1\/wp-json\/wp\/v2\/categories?post=149538"},{"taxonomy":"post_tag","embeddable":true,"href":"https:\/\/www.caririemacao.com\/1\/wp-json\/wp\/v2\/tags?post=149538"}],"curies":[{"name":"wp","href":"https:\/\/api.w.org\/{rel}","templated":true}]}}