{"id":149542,"date":"2020-01-27T18:43:06","date_gmt":"2020-01-27T21:43:06","guid":{"rendered":"http:\/\/www.caririemacao.com\/1\/?p=149542"},"modified":"2020-01-27T18:43:08","modified_gmt":"2020-01-27T21:43:08","slug":"prefeitura-de-amparo-adquire-terreno-para-construcao-do-ginasio-poliesportivo","status":"publish","type":"post","link":"https:\/\/www.caririemacao.com\/1\/2020\/01\/27\/prefeitura-de-amparo-adquire-terreno-para-construcao-do-ginasio-poliesportivo\/","title":{"rendered":"Prefeitura de Amparo adquire terreno para constru\u00e7\u00e3o do gin\u00e1sio poliesportivo"},"content":{"rendered":"\n<p>Na manh\u00e3 desta segunda-feira (27), o prefeito In\u00e1cio N\u00f3brega esteve reunido com sua assessoria jur\u00eddica, o propriet\u00e1rio do cart\u00f3rio de registros no munic\u00edpio e os membros da fam\u00edlia Pereira. <\/p>\n\n\n\n<p>Fam\u00edlia esta que era a detentora da posse do terreno onde ser\u00e1 constru\u00eddo o moderno gin\u00e1sio poliesportivo do munic\u00edpio de Amparo.<\/p>\n\n\n\n<p><br>Ap\u00f3s todo processo de escritura\u00e7\u00e3o, o prefeito In\u00e1cio N\u00f3brega assegurou definitivamente a compra do terreno. \u201cAgora \u00e9 caminharmos passo a passo para iniciarmos a obra e entregar mais este equipamento \u00e0 popula\u00e7\u00e3o amparense em especial aos desportistas\u201d pontuou o prefeito In\u00e1cio N\u00f3brega.<\/p>\n\n\n\n<p><br>Ascom<\/p>\n","protected":false},"excerpt":{"rendered":"<p>Na manh\u00e3 desta segunda-feira (27), o prefeito In\u00e1cio N\u00f3brega esteve reunido com sua assessoria jur\u00eddica, o propriet\u00e1rio do cart\u00f3rio de registros no munic\u00edpio e os&hellip; <\/p>\n","protected":false},"author":1,"featured_media":149543,"comment_status":"closed","ping_status":"closed","sticky":false,"template":"","format":"standard","meta":{"sfsi_plus_gutenberg_text_before_share":"","sfsi_plus_gutenberg_show_text_before_share":"","sfsi_plus_gutenberg_icon_type":"","sfsi_plus_gutenberg_icon_alignemt":"","sfsi_plus_gutenburg_max_per_row":"","footnotes":""},"categories":[6],"tags":[],"class_list":["post-149542","post","type-post","status-publish","format-standard","has-post-thumbnail","hentry","category-cidades"],"_links":{"self":[{"href":"https:\/\/www.caririemacao.com\/1\/wp-json\/wp\/v2\/posts\/149542","targetHints":{"allow":["GET"]}}],"collection":[{"href":"https:\/\/www.caririemacao.com\/1\/wp-json\/wp\/v2\/posts"}],"about":[{"href":"https:\/\/www.caririemacao.com\/1\/wp-json\/wp\/v2\/types\/post"}],"author":[{"embeddable":true,"href":"https:\/\/www.caririemacao.com\/1\/wp-json\/wp\/v2\/users\/1"}],"replies":[{"embeddable":true,"href":"https:\/\/www.caririemacao.com\/1\/wp-json\/wp\/v2\/comments?post=149542"}],"version-history":[{"count":1,"href":"https:\/\/www.caririemacao.com\/1\/wp-json\/wp\/v2\/posts\/149542\/revisions"}],"predecessor-version":[{"id":149544,"href":"https:\/\/www.caririemacao.com\/1\/wp-json\/wp\/v2\/posts\/149542\/revisions\/149544"}],"wp:featuredmedia":[{"embeddable":true,"href":"https:\/\/www.caririemacao.com\/1\/wp-json\/wp\/v2\/media\/149543"}],"wp:attachment":[{"href":"https:\/\/www.caririemacao.com\/1\/wp-json\/wp\/v2\/media?parent=149542"}],"wp:term":[{"taxonomy":"category","embeddable":true,"href":"https:\/\/www.caririemacao.com\/1\/wp-json\/wp\/v2\/categories?post=149542"},{"taxonomy":"post_tag","embeddable":true,"href":"https:\/\/www.caririemacao.com\/1\/wp-json\/wp\/v2\/tags?post=149542"}],"curies":[{"name":"wp","href":"https:\/\/api.w.org\/{rel}","templated":true}]}}