{"id":149550,"date":"2020-01-27T21:53:27","date_gmt":"2020-01-28T00:53:27","guid":{"rendered":"http:\/\/www.caririemacao.com\/1\/?p=149550"},"modified":"2020-01-27T21:53:28","modified_gmt":"2020-01-28T00:53:28","slug":"copa-dr-chico-tera-a-maior-premiacao-de-todas-as-edicoes-promovidas-pela-prefeitura-de-monteiro","status":"publish","type":"post","link":"https:\/\/www.caririemacao.com\/1\/2020\/01\/27\/copa-dr-chico-tera-a-maior-premiacao-de-todas-as-edicoes-promovidas-pela-prefeitura-de-monteiro\/","title":{"rendered":"Copa Dr. Chico ter\u00e1 a maior premia\u00e7\u00e3o de todas as edi\u00e7\u00f5es promovidas pela Prefeitura de Monteiro"},"content":{"rendered":"\n<p>Os \u00faltimos detalhes para a abertura oficial do Campeonato Ruralz\u00e3o 2020 foram acertados na manh\u00e3 do \u00faltimo s\u00e1bado, 25, no Teatro Jansen Filho com a presen\u00e7a de todos os dirigentes de times, vereadores e o secret\u00e1rio de esportes Rostand Chaves ao lado do vice-prefeito Celecileno Alves, que representou a prefeita Anna Lorena.<\/p>\n\n\n\n<p>\u201cEste ano inovamos na premia\u00e7\u00e3o, sendo esta a maior da hist\u00f3ria dos Campeonatos amadores da regi\u00e3o, oferecendo mais de 20 mil reais em premia\u00e7\u00e3o. Para organizar esta grande festa do futebol monteirense buscamos parcerias e o Armaz\u00e9m Para\u00edba se prontificou, assim como nos anos anteriores\u201d, informa o vice-prefeito Celecleno Alves.<\/p>\n\n\n\n<p>Neste ano a Prefeitura de Moniteiro oferece mais de R$ 20.000,00 (vinte mil reais), divididos da seguinte maneira:<\/p>\n\n\n\n<p>Campe\u00e3o: R$ 10 mil reais<br>Vice-campe\u00e3o: R$ 5 mil reais<br>3\u00ba colocado: R$ 2 mil reais<br>4\u00ba lugar: R$ 1 mil reais<br>5\u00ba a 8\u00ba lugar: R$ 500,00 reais.<\/p>\n\n\n\n<p>O vice-prefeito ainda anunciou que haver\u00e1 outras premia\u00e7\u00f5es individuais.<\/p>\n\n\n\n<p>A primeira fase se estende at\u00e9 26 de Abril com 160 jogos realizados nos campos das 40 equipes participantes, e as fases seguintes ser\u00e3o disputadas no est\u00e1dio O Feitos\u00e3o, totalizando 176 jogos, e devendo ser realizada a grande final no dia 23 de Agosto.<\/p>\n\n\n\n<p>O vice prefeito ainda informou tamb\u00e9m que os jogos da fases finais dever\u00e3o ter transmiss\u00e3o pelo facebook e emissoras de r\u00e1dio e que existe a possibilidade da realiza\u00e7\u00e3o de um jogo festivo com a grande equipe campe\u00e3o ao final.<\/p>\n\n\n\n<p>\u201cFizemos um projeto atendendo todos os pedidos e sugest\u00f5es dos desportistas. E tamb\u00e9m oferecemos a maior premia\u00e7\u00e3o do interior da Para\u00edba e come\u00e7ando no momento certo, para que as datas das fases finais coincidam com a entrega da grande obra do Complexo Esportivo do Feitos\u00e3o\u201d, destacou Celecileno.<\/p>\n\n\n\n<p>No momento foram repassados os detalhes para a realiza\u00e7\u00e3o do Cameponato, e o ponto alto da reuni\u00e3o foi a realiza\u00e7\u00e3o do sorteio das chaves. O Ruralz\u00e3o 2020 tem seu in\u00edcio no pr\u00f3ximo domingo, 02.<\/p>\n\n\n\n<p><strong>Confira como ficaram os 08 grupos da competi\u00e7\u00e3o:<\/strong><\/p>\n\n\n\n<p><strong>CHAVE A<\/strong><\/p>\n\n\n\n<p>Malhada Vermelha<br>Flamengo<br>Ponte Preta<br>Serrote<br>Vila Nova<\/p>\n\n\n\n<p><strong>CHAVE B<\/strong><\/p>\n\n\n\n<p>Ribeira<br>Olaria<br>Barrad\u00e3o<br>Ruzil<br>Morcego<\/p>\n\n\n\n<p><strong>CHAVE C<\/strong><\/p>\n\n\n\n<p>Pitombeira 2<br>S\u00edtio Serra Branca<br>Portal<br>Rifug\u00e3o<br>Aroeirense<\/p>\n\n\n\n<p><strong>CHAVE D<\/strong><\/p>\n\n\n\n<p>Serra do Moc\u00f3<br>Estrelinha<br>Macap\u00e1<br>At\u00e9tico do Picos<br>Malhada da Pedra<\/p>\n\n\n\n<p><strong>CHAVE E<\/strong><\/p>\n\n\n\n<p>Esp\u00edrito Santo<br>Barro<br>Lagoa<br>Beira Rio<br>Uni\u00e3o<\/p>\n\n\n\n<p><strong>CHAVE F<\/strong><\/p>\n\n\n\n<p>Alto Esporte<br>Pitombeira 1<br>Fartura<br>Riacho do Meio<br>Angiquinho<\/p>\n\n\n\n<p><strong>CHAVE G<\/strong><\/p>\n\n\n\n<p>Cruz Azul<br>Santana<br>Atl\u00e9tico dos Bredos<br>Cupirense<br>Olho d\u00e0gua do Silva<\/p>\n\n\n\n<p><strong>CHAVE H<\/strong><\/p>\n\n\n\n<p>Mulung\u00fa<br>S\u00edtio do Meio<br>Barriguda<br>Expressinho<br>Extrema<\/p>\n","protected":false},"excerpt":{"rendered":"<p>Os \u00faltimos detalhes para a abertura oficial do Campeonato Ruralz\u00e3o 2020 foram acertados na manh\u00e3 do \u00faltimo s\u00e1bado, 25, no Teatro Jansen Filho com a&hellip; <\/p>\n","protected":false},"author":1,"featured_media":149551,"comment_status":"closed","ping_status":"closed","sticky":false,"template":"","format":"standard","meta":{"sfsi_plus_gutenberg_text_before_share":"","sfsi_plus_gutenberg_show_text_before_share":"","sfsi_plus_gutenberg_icon_type":"","sfsi_plus_gutenberg_icon_alignemt":"","sfsi_plus_gutenburg_max_per_row":"","footnotes":""},"categories":[50,13],"tags":[],"class_list":["post-149550","post","type-post","status-publish","format-standard","has-post-thumbnail","hentry","category-destaque","category-esportes"],"_links":{"self":[{"href":"https:\/\/www.caririemacao.com\/1\/wp-json\/wp\/v2\/posts\/149550","targetHints":{"allow":["GET"]}}],"collection":[{"href":"https:\/\/www.caririemacao.com\/1\/wp-json\/wp\/v2\/posts"}],"about":[{"href":"https:\/\/www.caririemacao.com\/1\/wp-json\/wp\/v2\/types\/post"}],"author":[{"embeddable":true,"href":"https:\/\/www.caririemacao.com\/1\/wp-json\/wp\/v2\/users\/1"}],"replies":[{"embeddable":true,"href":"https:\/\/www.caririemacao.com\/1\/wp-json\/wp\/v2\/comments?post=149550"}],"version-history":[{"count":1,"href":"https:\/\/www.caririemacao.com\/1\/wp-json\/wp\/v2\/posts\/149550\/revisions"}],"predecessor-version":[{"id":149552,"href":"https:\/\/www.caririemacao.com\/1\/wp-json\/wp\/v2\/posts\/149550\/revisions\/149552"}],"wp:featuredmedia":[{"embeddable":true,"href":"https:\/\/www.caririemacao.com\/1\/wp-json\/wp\/v2\/media\/149551"}],"wp:attachment":[{"href":"https:\/\/www.caririemacao.com\/1\/wp-json\/wp\/v2\/media?parent=149550"}],"wp:term":[{"taxonomy":"category","embeddable":true,"href":"https:\/\/www.caririemacao.com\/1\/wp-json\/wp\/v2\/categories?post=149550"},{"taxonomy":"post_tag","embeddable":true,"href":"https:\/\/www.caririemacao.com\/1\/wp-json\/wp\/v2\/tags?post=149550"}],"curies":[{"name":"wp","href":"https:\/\/api.w.org\/{rel}","templated":true}]}}