{"id":149557,"date":"2020-01-27T23:19:27","date_gmt":"2020-01-28T02:19:27","guid":{"rendered":"http:\/\/www.caririemacao.com\/1\/?p=149557"},"modified":"2020-01-27T23:19:28","modified_gmt":"2020-01-28T02:19:28","slug":"bandidos-assaltam-casa-em-puxinana-mas-sao-presos","status":"publish","type":"post","link":"https:\/\/www.caririemacao.com\/1\/2020\/01\/27\/bandidos-assaltam-casa-em-puxinana-mas-sao-presos\/","title":{"rendered":"Bandidos assaltam casa em Puxinan\u00e3 mas s\u00e3o presos"},"content":{"rendered":"\n<p>Um assalto a uma casa na zona rural foi frustrado nesta segunda-feira (27) gra\u00e7as ao trabalho da Pol\u00edcia Militar (PM), que prendeu os dois acusados de cometer o crime.<\/p>\n\n\n\n<p>Ao perceberem que estavam cercados, os suspeitos ainda chegaram a fazer uma idosa e a cuidadora dela de ref\u00e9ns, mas as v\u00edtimas foram resgatadas pelos policiais do 15\u00ba Batalh\u00e3o.<\/p>\n\n\n\n<p>O primeiro acusado, de 21 anos, foi rendido quando tentava fugir pelo telhado da resid\u00eancia.<\/p>\n\n\n\n<p>Com ele, foi apreendida uma espingarda.<\/p>\n\n\n\n<p>O outro suspeito, que tem 18 anos e \u00e9 irm\u00e3o de um foragido do PB-1, foi preso tentando se esconder no galinheiro que fica no quintal da casa.<\/p>\n\n\n\n<p>Ele estava armado com um rev\u00f3lver.<\/p>\n\n\n\n<p>Conforme informa\u00e7\u00f5es do sargento Bosco, os suspeitos ainda chegaram a atirar contra a guarni\u00e7\u00e3o para tentar fugir.<\/p>\n\n\n\n<p>\u201cAssim que soubemos do roubo, fomos rapidamente at\u00e9 o local, que fica no s\u00edtio Portela, e cercamos a casa. Eles j\u00e1 tinham feito a manobra no carro que tinha na resid\u00eancia e estavam separando o material que pretendiam levar no assalto. Quando perceberam o cerco, eles entraram de volta na casa e come\u00e7aram a fazer as duas mulheres de ref\u00e9ns, chegando a atirar contra a nossa guarni\u00e7\u00e3o, mas verbalizamos e fizemos todos os procedimentos que a situa\u00e7\u00e3o exigiu, concluindo a ocorr\u00eancia com as v\u00edtimas salvas e os dois acusados presos\u201d, detalha.<\/p>\n\n\n\n<p>Um dos presos \u00e9 da pr\u00f3pria cidade de Puxinan\u00e3.<\/p>\n\n\n\n<p>O outro \u00e9 do distrito de S\u00e3o Jos\u00e9 da Mata, em Campina Grande.<\/p>\n\n\n\n<p>A dupla foi apresentada com as armas na delegacia de pol\u00edcia, em Pocinhos.<\/p>\n\n\n\n<p>helenolima<\/p>\n","protected":false},"excerpt":{"rendered":"<p>Um assalto a uma casa na zona rural foi frustrado nesta segunda-feira (27) gra\u00e7as ao trabalho da Pol\u00edcia Militar (PM), que prendeu os dois acusados&hellip; <\/p>\n","protected":false},"author":1,"featured_media":149558,"comment_status":"closed","ping_status":"closed","sticky":false,"template":"","format":"standard","meta":{"sfsi_plus_gutenberg_text_before_share":"","sfsi_plus_gutenberg_show_text_before_share":"","sfsi_plus_gutenberg_icon_type":"","sfsi_plus_gutenberg_icon_alignemt":"","sfsi_plus_gutenburg_max_per_row":"","footnotes":""},"categories":[50,12],"tags":[],"class_list":["post-149557","post","type-post","status-publish","format-standard","has-post-thumbnail","hentry","category-destaque","category-policia"],"_links":{"self":[{"href":"https:\/\/www.caririemacao.com\/1\/wp-json\/wp\/v2\/posts\/149557","targetHints":{"allow":["GET"]}}],"collection":[{"href":"https:\/\/www.caririemacao.com\/1\/wp-json\/wp\/v2\/posts"}],"about":[{"href":"https:\/\/www.caririemacao.com\/1\/wp-json\/wp\/v2\/types\/post"}],"author":[{"embeddable":true,"href":"https:\/\/www.caririemacao.com\/1\/wp-json\/wp\/v2\/users\/1"}],"replies":[{"embeddable":true,"href":"https:\/\/www.caririemacao.com\/1\/wp-json\/wp\/v2\/comments?post=149557"}],"version-history":[{"count":1,"href":"https:\/\/www.caririemacao.com\/1\/wp-json\/wp\/v2\/posts\/149557\/revisions"}],"predecessor-version":[{"id":149559,"href":"https:\/\/www.caririemacao.com\/1\/wp-json\/wp\/v2\/posts\/149557\/revisions\/149559"}],"wp:featuredmedia":[{"embeddable":true,"href":"https:\/\/www.caririemacao.com\/1\/wp-json\/wp\/v2\/media\/149558"}],"wp:attachment":[{"href":"https:\/\/www.caririemacao.com\/1\/wp-json\/wp\/v2\/media?parent=149557"}],"wp:term":[{"taxonomy":"category","embeddable":true,"href":"https:\/\/www.caririemacao.com\/1\/wp-json\/wp\/v2\/categories?post=149557"},{"taxonomy":"post_tag","embeddable":true,"href":"https:\/\/www.caririemacao.com\/1\/wp-json\/wp\/v2\/tags?post=149557"}],"curies":[{"name":"wp","href":"https:\/\/api.w.org\/{rel}","templated":true}]}}