{"id":149566,"date":"2020-01-28T07:08:25","date_gmt":"2020-01-28T10:08:25","guid":{"rendered":"http:\/\/www.caririemacao.com\/1\/?p=149566"},"modified":"2020-01-28T07:08:27","modified_gmt":"2020-01-28T10:08:27","slug":"enem-ministerio-da-educacao-suspende-inscricoes-do-prouni","status":"publish","type":"post","link":"https:\/\/www.caririemacao.com\/1\/2020\/01\/28\/enem-ministerio-da-educacao-suspende-inscricoes-do-prouni\/","title":{"rendered":"Enem: Minist\u00e9rio da Educa\u00e7\u00e3o suspende inscri\u00e7\u00f5es do ProUni"},"content":{"rendered":"\n<p>&nbsp;O Minist\u00e9rio da Educa\u00e7\u00e3o informou nesta segunda-feira (27) que vai suspender por tempo indeterminado a abertura das inscri\u00e7\u00f5es do Prouni, programa que oferta bolsas a estudantes em institui\u00e7\u00f5es privadas do ensino superior.<\/p>\n\n\n\n<p>A pasta atribui a medida \u00e0 decis\u00e3o judicial que manteve suspensa a divulga\u00e7\u00e3o dos resultados do Sisu (Sistema de Sele\u00e7\u00e3o Unificada).<\/p>\n\n\n\n<p>Para o minist\u00e9rio, a medida bloqueia inscri\u00e7\u00f5es de outros programas de ensino superior, j\u00e1 que o resultado do Sisu \u00e9 condi\u00e7\u00e3o para acesso ao Prouni e Fies (fundo de financiamento estudantil).<\/p>\n\n\n\n<p>As inscri\u00e7\u00f5es estavam previstas para serem iniciadas nesta ter\u00e7a-feira (28).<\/p>\n\n\n\n<p>Segundo o MEC, enquanto houver o bloqueio, estudantes podem consultar informa\u00e7\u00f5es sobre as cercas de 251 mil bolsas que devem ser ofertadas no site do programa.<\/p>\n\n\n\n<p>A suspens\u00e3o ocorre ap\u00f3s o Tribunal Regional Federal da 3\u00aa regi\u00e3o rejeitar recurso do governo federal contra decis\u00e3o da Justi\u00e7a Federal em S\u00e3o Paulo de n\u00e3o permitir a divulga\u00e7\u00e3o de notas devido a problemas em corre\u00e7\u00f5es de provas do Enem.<\/p>\n\n\n\n<p>Nesta segunda, a AGU (Advocacia-Geral da Uni\u00e3o) informou ter protocolado recurso no STJ (Superior Tribunal de Justi\u00e7a) para garantir a manuten\u00e7\u00e3o do calend\u00e1rio do Sisu.<\/p>\n\n\n\n<p>Segundo o MEC, os cronogramas definitivos dos programas de acesso \u00e0 educa\u00e7\u00e3o superior ser\u00e3o publicados ap\u00f3s decis\u00e3o final da justi\u00e7a.<\/p>\n","protected":false},"excerpt":{"rendered":"<p>&nbsp;O Minist\u00e9rio da Educa\u00e7\u00e3o informou nesta segunda-feira (27) que vai suspender por tempo indeterminado a abertura das inscri\u00e7\u00f5es do Prouni, programa que oferta bolsas a&hellip; <\/p>\n","protected":false},"author":1,"featured_media":59541,"comment_status":"closed","ping_status":"closed","sticky":false,"template":"","format":"standard","meta":{"sfsi_plus_gutenberg_text_before_share":"","sfsi_plus_gutenberg_show_text_before_share":"","sfsi_plus_gutenberg_icon_type":"","sfsi_plus_gutenberg_icon_alignemt":"","sfsi_plus_gutenburg_max_per_row":"","footnotes":""},"categories":[14],"tags":[],"class_list":["post-149566","post","type-post","status-publish","format-standard","has-post-thumbnail","hentry","category-educacao"],"_links":{"self":[{"href":"https:\/\/www.caririemacao.com\/1\/wp-json\/wp\/v2\/posts\/149566","targetHints":{"allow":["GET"]}}],"collection":[{"href":"https:\/\/www.caririemacao.com\/1\/wp-json\/wp\/v2\/posts"}],"about":[{"href":"https:\/\/www.caririemacao.com\/1\/wp-json\/wp\/v2\/types\/post"}],"author":[{"embeddable":true,"href":"https:\/\/www.caririemacao.com\/1\/wp-json\/wp\/v2\/users\/1"}],"replies":[{"embeddable":true,"href":"https:\/\/www.caririemacao.com\/1\/wp-json\/wp\/v2\/comments?post=149566"}],"version-history":[{"count":1,"href":"https:\/\/www.caririemacao.com\/1\/wp-json\/wp\/v2\/posts\/149566\/revisions"}],"predecessor-version":[{"id":149567,"href":"https:\/\/www.caririemacao.com\/1\/wp-json\/wp\/v2\/posts\/149566\/revisions\/149567"}],"wp:featuredmedia":[{"embeddable":true,"href":"https:\/\/www.caririemacao.com\/1\/wp-json\/wp\/v2\/media\/59541"}],"wp:attachment":[{"href":"https:\/\/www.caririemacao.com\/1\/wp-json\/wp\/v2\/media?parent=149566"}],"wp:term":[{"taxonomy":"category","embeddable":true,"href":"https:\/\/www.caririemacao.com\/1\/wp-json\/wp\/v2\/categories?post=149566"},{"taxonomy":"post_tag","embeddable":true,"href":"https:\/\/www.caririemacao.com\/1\/wp-json\/wp\/v2\/tags?post=149566"}],"curies":[{"name":"wp","href":"https:\/\/api.w.org\/{rel}","templated":true}]}}