{"id":149569,"date":"2020-01-28T07:10:06","date_gmt":"2020-01-28T10:10:06","guid":{"rendered":"http:\/\/www.caririemacao.com\/1\/?p=149569"},"modified":"2020-01-28T07:10:08","modified_gmt":"2020-01-28T10:10:08","slug":"botafogo-pb-oficializa-a-contratacao-de-experiente-lateral","status":"publish","type":"post","link":"https:\/\/www.caririemacao.com\/1\/2020\/01\/28\/botafogo-pb-oficializa-a-contratacao-de-experiente-lateral\/","title":{"rendered":"Botafogo-PB oficializa a contrata\u00e7\u00e3o de experiente lateral"},"content":{"rendered":"\n<p>O que era um flerte despretensioso acabou virando casamento.<\/p>\n\n\n\n<p>Nesta segunda-feira (27), o Botafogo-PB acertou a contrata\u00e7\u00e3o do experiente lateral-direito L\u00e9o Moura, campe\u00e3o da Libertadores de 2017 vestindo a camisa do Gr\u00eamio, e com passagens por Flamengo, Vasco, Fluminense, Palmeiras, S\u00e3o Paulo, Santa Cruz, e outros grandes clubes brasileiros, al\u00e9m da Sele\u00e7\u00e3o Brasileira.<\/p>\n\n\n\n<p>O an\u00fancio oficial acontece na sede do clube.<\/p>\n\n\n\n<p>O jogador de 41 anos chega como principal contrata\u00e7\u00e3o do Belo para 2020, com a diretoria assumindo um papel agressivo no mercado, buscando um nome consagrado e que custar\u00e1 aos cofres mais do que o teto salarial estabelecido para a temporada.<\/p>\n\n\n\n<p>A busca por um medalh\u00e3o era prioridade da diretoria de futebol, encabe\u00e7ada por Ariano Wanderley, e uma maneira da gest\u00e3o do clube se afastar de Breno Morais, banido de futebol, e que tinha outra postura para contrata\u00e7\u00f5es, mas agora encontra-se rompido politicamente com a dire\u00e7\u00e3o botafoguense. Antes de L\u00e9o Moura, o atacante Lu\u00eds Fabiano e os goleiros Felipe e Renan haviam sido procurados pelo clube.<\/p>\n\n\n\n<p>Al\u00e9m disso, um jogador renomado nacionalmente \u00e9 uma maneira de tentar alavancar o plano de s\u00f3cio-torcedor da equipe da Maravilha do Contorno, que atualmente conta com cerca de 3 mil associados.<\/p>\n\n\n\n<p>Vindo resolver problemas particulares em Recife, L\u00e9o Moura foi convidado pela presid\u00eancia do Belo para um almo\u00e7o em Jo\u00e3o Pessoa na quinta-feira (23), onde foi apresentada uma proposta para acerto, que n\u00e3o era simples, mas acabou agradando o lateral-direito.<\/p>\n\n\n\n<p>Com contrato at\u00e9 o fim do ano, o atleta ser\u00e1 apresentando oficialmente nos pr\u00f3ximos dias, e vai disputar com o Botafogo-PB o Campeonato Paraibano, Copa do Brasil, Copa do Nordeste e S\u00e9rie C do Campeonato Brasileiro.<\/p>\n\n\n\n<p><a href=\"https:\/\/paraibaonline.com.br\/esportes\/veja-numeros-dos-ultimos-anos-de-leo-moura-anunciado-pelo-botafogo-pb\/\">Confira os n\u00fameros do jogador em suas \u00faltimas temporadas<\/a>, quando vestiu a camisa do Gr\u00eamio, onde foi campe\u00e3o da Libertadores de 2017.<\/p>\n","protected":false},"excerpt":{"rendered":"<p>O que era um flerte despretensioso acabou virando casamento. Nesta segunda-feira (27), o Botafogo-PB acertou a contrata\u00e7\u00e3o do experiente lateral-direito L\u00e9o Moura, campe\u00e3o da Libertadores&hellip; <\/p>\n","protected":false},"author":1,"featured_media":149570,"comment_status":"closed","ping_status":"closed","sticky":false,"template":"","format":"standard","meta":{"sfsi_plus_gutenberg_text_before_share":"","sfsi_plus_gutenberg_show_text_before_share":"","sfsi_plus_gutenberg_icon_type":"","sfsi_plus_gutenberg_icon_alignemt":"","sfsi_plus_gutenburg_max_per_row":"","footnotes":""},"categories":[13],"tags":[],"class_list":["post-149569","post","type-post","status-publish","format-standard","has-post-thumbnail","hentry","category-esportes"],"_links":{"self":[{"href":"https:\/\/www.caririemacao.com\/1\/wp-json\/wp\/v2\/posts\/149569","targetHints":{"allow":["GET"]}}],"collection":[{"href":"https:\/\/www.caririemacao.com\/1\/wp-json\/wp\/v2\/posts"}],"about":[{"href":"https:\/\/www.caririemacao.com\/1\/wp-json\/wp\/v2\/types\/post"}],"author":[{"embeddable":true,"href":"https:\/\/www.caririemacao.com\/1\/wp-json\/wp\/v2\/users\/1"}],"replies":[{"embeddable":true,"href":"https:\/\/www.caririemacao.com\/1\/wp-json\/wp\/v2\/comments?post=149569"}],"version-history":[{"count":1,"href":"https:\/\/www.caririemacao.com\/1\/wp-json\/wp\/v2\/posts\/149569\/revisions"}],"predecessor-version":[{"id":149571,"href":"https:\/\/www.caririemacao.com\/1\/wp-json\/wp\/v2\/posts\/149569\/revisions\/149571"}],"wp:featuredmedia":[{"embeddable":true,"href":"https:\/\/www.caririemacao.com\/1\/wp-json\/wp\/v2\/media\/149570"}],"wp:attachment":[{"href":"https:\/\/www.caririemacao.com\/1\/wp-json\/wp\/v2\/media?parent=149569"}],"wp:term":[{"taxonomy":"category","embeddable":true,"href":"https:\/\/www.caririemacao.com\/1\/wp-json\/wp\/v2\/categories?post=149569"},{"taxonomy":"post_tag","embeddable":true,"href":"https:\/\/www.caririemacao.com\/1\/wp-json\/wp\/v2\/tags?post=149569"}],"curies":[{"name":"wp","href":"https:\/\/api.w.org\/{rel}","templated":true}]}}