{"id":149576,"date":"2020-01-28T07:13:02","date_gmt":"2020-01-28T10:13:02","guid":{"rendered":"http:\/\/www.caririemacao.com\/1\/?p=149576"},"modified":"2020-01-28T07:13:03","modified_gmt":"2020-01-28T10:13:03","slug":"fundac-divulga-resultado-preliminar-ds-prova-de-capacidade-fisica-do-concurso","status":"publish","type":"post","link":"https:\/\/www.caririemacao.com\/1\/2020\/01\/28\/fundac-divulga-resultado-preliminar-ds-prova-de-capacidade-fisica-do-concurso\/","title":{"rendered":"Fundac divulga resultado preliminar ds prova de capacidade f\u00edsica do concurso"},"content":{"rendered":"\n<p>A&nbsp;Funda\u00e7\u00e3o de Desenvolvimento da Crian\u00e7a e do Adolescente &#8220;Alice de Alemdia&#8221; (Fundac-PB) divulgou nesta ter\u00e7a-feira (28), o resultado&nbsp;preliminar da prova de capacidade f\u00edsica do concurso. A lista foi publicada no&nbsp;Di\u00e1rio Oficial do Estado (DOE) desta ter\u00e7a-feira (28).<\/p>\n\n\n\n<p><a href=\"https:\/\/www.clickpb.com.br\/media\/filer_public\/5b\/20\/5b20cd6c-c2cf-4c96-8fb5-071adc981ed7\/diario-oficial-28-01-2020.pdf\">Confira a publica\u00e7\u00e3o a partir da p\u00e1gina 7<\/a><\/p>\n\n\n\n<p>O candidato poder\u00e1 entrar com pedido de revis\u00e3o contra o resultado preliminar da prova de capacidade f\u00edsica por meio do&nbsp;<a href=\"http:\/\/www.ibade.org.br\/\">site da organizadora<\/a>, das 8h desta quarta-feira (29) at\u00e9 as 18h da quinta-feira (30).<\/p>\n\n\n\n<p>O concurso da Fundac-PB ofereceu 400 vagas para agente socioeducativo.A remunera\u00e7\u00e3o inicial \u00e9 de R$ 998, para uma jornada de trabalho de 40 horas semanais.<\/p>\n\n\n\n<p>De acordo com o edital, os servidores aprovados v\u00e3o contar com gratifica\u00e7\u00e3o de atividades especiais e de risco no valor de R$ 399,20 e aux\u00edlio alimenta\u00e7\u00e3o de R$ 220. O sal\u00e1rio final \u00e9 de R$ 1.617,20, mais 20% de aditivo noturno.&nbsp;<\/p>\n\n\n\n<p>O resultado final do concurso e homologa\u00e7\u00e3o s\u00f3 deve ser divulgado no dia 19 de agosto deste ano.<\/p>\n","protected":false},"excerpt":{"rendered":"<p>A&nbsp;Funda\u00e7\u00e3o de Desenvolvimento da Crian\u00e7a e do Adolescente &#8220;Alice de Alemdia&#8221; (Fundac-PB) divulgou nesta ter\u00e7a-feira (28), o resultado&nbsp;preliminar da prova de capacidade f\u00edsica do concurso.&hellip; <\/p>\n","protected":false},"author":1,"featured_media":149577,"comment_status":"closed","ping_status":"closed","sticky":false,"template":"","format":"standard","meta":{"sfsi_plus_gutenberg_text_before_share":"","sfsi_plus_gutenberg_show_text_before_share":"","sfsi_plus_gutenberg_icon_type":"","sfsi_plus_gutenberg_icon_alignemt":"","sfsi_plus_gutenburg_max_per_row":"","footnotes":""},"categories":[2],"tags":[],"class_list":["post-149576","post","type-post","status-publish","format-standard","has-post-thumbnail","hentry","category-geral"],"_links":{"self":[{"href":"https:\/\/www.caririemacao.com\/1\/wp-json\/wp\/v2\/posts\/149576","targetHints":{"allow":["GET"]}}],"collection":[{"href":"https:\/\/www.caririemacao.com\/1\/wp-json\/wp\/v2\/posts"}],"about":[{"href":"https:\/\/www.caririemacao.com\/1\/wp-json\/wp\/v2\/types\/post"}],"author":[{"embeddable":true,"href":"https:\/\/www.caririemacao.com\/1\/wp-json\/wp\/v2\/users\/1"}],"replies":[{"embeddable":true,"href":"https:\/\/www.caririemacao.com\/1\/wp-json\/wp\/v2\/comments?post=149576"}],"version-history":[{"count":1,"href":"https:\/\/www.caririemacao.com\/1\/wp-json\/wp\/v2\/posts\/149576\/revisions"}],"predecessor-version":[{"id":149578,"href":"https:\/\/www.caririemacao.com\/1\/wp-json\/wp\/v2\/posts\/149576\/revisions\/149578"}],"wp:featuredmedia":[{"embeddable":true,"href":"https:\/\/www.caririemacao.com\/1\/wp-json\/wp\/v2\/media\/149577"}],"wp:attachment":[{"href":"https:\/\/www.caririemacao.com\/1\/wp-json\/wp\/v2\/media?parent=149576"}],"wp:term":[{"taxonomy":"category","embeddable":true,"href":"https:\/\/www.caririemacao.com\/1\/wp-json\/wp\/v2\/categories?post=149576"},{"taxonomy":"post_tag","embeddable":true,"href":"https:\/\/www.caririemacao.com\/1\/wp-json\/wp\/v2\/tags?post=149576"}],"curies":[{"name":"wp","href":"https:\/\/api.w.org\/{rel}","templated":true}]}}