{"id":149583,"date":"2020-01-28T07:18:32","date_gmt":"2020-01-28T10:18:32","guid":{"rendered":"http:\/\/www.caririemacao.com\/1\/?p=149583"},"modified":"2020-01-28T07:18:34","modified_gmt":"2020-01-28T10:18:34","slug":"sobe-para-106-o-numero-de-mortos-pelo-coronavirus","status":"publish","type":"post","link":"https:\/\/www.caririemacao.com\/1\/2020\/01\/28\/sobe-para-106-o-numero-de-mortos-pelo-coronavirus\/","title":{"rendered":"Sobe para 106 o n\u00famero de mortos pelo coronav\u00edrus"},"content":{"rendered":"\n<p>O n\u00famero de mortes causadas pela nova variante do coronav\u00edrus chegou a 106 depois que autoridades da prov\u00edncia de Hubei anunciaram&nbsp; 24 mortes na manh\u00e3 desta ter\u00e7a-feira (28). Autoridades de sa\u00fade da China afirmam que mais de 4 mil pessoas foram infectadas.<\/p>\n\n\n\n<p>O premi\u00ea chin\u00eas Li Keqiang visitou Wuhan, foco do surto, para demonstrar a seriedade com que Pequim est\u00e1 considerando o problema. Li visitou pacientes e profissionais da \u00e1rea m\u00e9dica que est\u00e3o atuando na linha de frente de combate \u00e0 doen\u00e7a.<\/p>\n\n\n\n<p>As autoridades de sa\u00fade da China afirmam que as pessoas que visitaram Wuhan e outras \u00e1reas afetadas ser\u00e3o monitoradas por um per\u00edodo de duas semanas. He Qinghua, funcion\u00e1rio da Comiss\u00e3o Nacional de Sa\u00fade, avisou que &#8220;qualquer pessoa que tenha sido infectada ser\u00e1 imediatamente encaminhada para um hospital e mantida sob quarentena&#8221;.<\/p>\n\n\n\n<p>O prefeito de Wuhan, Zhou Xianwang, admitiu que a cidade n\u00e3o forneceu informa\u00e7\u00f5es sobre a nova variante do coronav\u00edrus em tempo h\u00e1bil. Zhou atribuiu o atraso ao fato de que o governo local tinha a obriga\u00e7\u00e3o de conseguir uma autoriza\u00e7\u00e3o antes de divulgar informa\u00e7\u00f5es.<\/p>\n\n\n\n<p>At\u00e9 o momento, cerca de 65 casos foram notificados em 17 pa\u00edses e territ\u00f3rios em todo o mundo.<\/p>\n\n\n\n<p>A China est\u00e1 intensificando as medidas para conter o v\u00edrus. O feriado prolongado do Ano-Novo Lunar foi estendido at\u00e9 2 de fevereiro. O surto tamb\u00e9m est\u00e1 afetando a economia chinesa. As autoridades em Shanghai pedem que estabelecimentos comerciais na cidade permane\u00e7am fechados at\u00e9 o dia 9 de fevereiro.<\/p>\n\n\n\n<p>Diversas escolas e creches na China decidiram adiar a volta \u00e0s aulas.<\/p>\n\n\n\n<p>O diretor-geral da Organiza\u00e7\u00e3o Mundial da Sa\u00fade, Tedros Adhanom Ghebreyesus, est\u00e1 em Pequim. Ele deve se reunir com autoridades chinesas para discutir a melhor forma de combater o surto.<\/p>\n\n\n\n<p>Impacto internacional<\/p>\n\n\n\n<p>O impacto econ\u00f4mico do surto de coronav\u00edrus continua a se espalhar, inclusive fora da China.<\/p>\n\n\n\n<p>O governo chin\u00eas diz que o n\u00famero de pessoas que usam o transporte p\u00fablico em todo o pa\u00eds caiu cerca de 30% por cento no s\u00e1bado (25), o primeiro dia do Ano-Novo Lunar \u2013 em compara\u00e7\u00e3o com o mesmo per\u00edodo no ano passado.<\/p>\n\n\n\n<p>Outros pa\u00edses tamb\u00e9m est\u00e3o sentindo os efeitos. A China proibiu viagens em grupo para o exterior, incluindo o Jap\u00e3o.<\/p>\n\n\n\n<p>O ministro da Revitaliza\u00e7\u00e3o Econ\u00f4mica do Jap\u00e3o, Yasutoshi Nishimura, disse que os chineses representam cerca de 30% do total de turistas estrangeiros no Jap\u00e3o. &#8220;E n\u00e3o \u00e9 apenas isso, a produ\u00e7\u00e3o e o consumo chin\u00eas podem ser prejudicados caso a situa\u00e7\u00e3o se prolongue. H\u00e1 preocupa\u00e7\u00e3o de que isso poderia afetar a produ\u00e7\u00e3o e as exporta\u00e7\u00f5es japonesas, bem como os lucros corporativos.&#8221;<\/p>\n\n\n\n<p>Nishimura tamb\u00e9m lembrou os riscos sobre a volatilidade do c\u00e2mbio e do mercado de a\u00e7\u00f5es, e acrescentou que vai monitorar de perto as movimenta\u00e7\u00f5es financeiras.<\/p>\n\n\n\n<p>A Bolsa de Valores de Xangai, por exemplo, retomaria suas atividades na sexta-feira (31), mas, at\u00e9 o momento, a informa\u00e7\u00e3o \u00e9 de que n\u00e3o voltar\u00e1 a operar at\u00e9 a pr\u00f3xima segunda-feira (3).<\/p>\n","protected":false},"excerpt":{"rendered":"<p>O n\u00famero de mortes causadas pela nova variante do coronav\u00edrus chegou a 106 depois que autoridades da prov\u00edncia de Hubei anunciaram&nbsp; 24 mortes na manh\u00e3&hellip; <\/p>\n","protected":false},"author":1,"featured_media":149584,"comment_status":"closed","ping_status":"closed","sticky":false,"template":"","format":"standard","meta":{"sfsi_plus_gutenberg_text_before_share":"","sfsi_plus_gutenberg_show_text_before_share":"","sfsi_plus_gutenberg_icon_type":"","sfsi_plus_gutenberg_icon_alignemt":"","sfsi_plus_gutenburg_max_per_row":"","footnotes":""},"categories":[16],"tags":[],"class_list":["post-149583","post","type-post","status-publish","format-standard","has-post-thumbnail","hentry","category-saude"],"_links":{"self":[{"href":"https:\/\/www.caririemacao.com\/1\/wp-json\/wp\/v2\/posts\/149583","targetHints":{"allow":["GET"]}}],"collection":[{"href":"https:\/\/www.caririemacao.com\/1\/wp-json\/wp\/v2\/posts"}],"about":[{"href":"https:\/\/www.caririemacao.com\/1\/wp-json\/wp\/v2\/types\/post"}],"author":[{"embeddable":true,"href":"https:\/\/www.caririemacao.com\/1\/wp-json\/wp\/v2\/users\/1"}],"replies":[{"embeddable":true,"href":"https:\/\/www.caririemacao.com\/1\/wp-json\/wp\/v2\/comments?post=149583"}],"version-history":[{"count":1,"href":"https:\/\/www.caririemacao.com\/1\/wp-json\/wp\/v2\/posts\/149583\/revisions"}],"predecessor-version":[{"id":149585,"href":"https:\/\/www.caririemacao.com\/1\/wp-json\/wp\/v2\/posts\/149583\/revisions\/149585"}],"wp:featuredmedia":[{"embeddable":true,"href":"https:\/\/www.caririemacao.com\/1\/wp-json\/wp\/v2\/media\/149584"}],"wp:attachment":[{"href":"https:\/\/www.caririemacao.com\/1\/wp-json\/wp\/v2\/media?parent=149583"}],"wp:term":[{"taxonomy":"category","embeddable":true,"href":"https:\/\/www.caririemacao.com\/1\/wp-json\/wp\/v2\/categories?post=149583"},{"taxonomy":"post_tag","embeddable":true,"href":"https:\/\/www.caririemacao.com\/1\/wp-json\/wp\/v2\/tags?post=149583"}],"curies":[{"name":"wp","href":"https:\/\/api.w.org\/{rel}","templated":true}]}}