{"id":149590,"date":"2020-01-28T07:22:00","date_gmt":"2020-01-28T10:22:00","guid":{"rendered":"http:\/\/www.caririemacao.com\/1\/?p=149590"},"modified":"2020-01-28T07:22:01","modified_gmt":"2020-01-28T10:22:01","slug":"sao-joao-de-monteiro-2020-tera-o-mesmo-formato-do-ano-anterior-diz-prefeita","status":"publish","type":"post","link":"https:\/\/www.caririemacao.com\/1\/2020\/01\/28\/sao-joao-de-monteiro-2020-tera-o-mesmo-formato-do-ano-anterior-diz-prefeita\/","title":{"rendered":"S\u00e3o Jo\u00e3o de Monteiro 2020 ter\u00e1 o mesmo formato do ano anterior, diz prefeita"},"content":{"rendered":"\n<p>O S\u00e3o Jo\u00e3o de Monteiro, considerado um dos maiores eventos juninos da Para\u00edba, receber\u00e1 em 2020, o mesmo formato da edi\u00e7\u00e3o 2019. A informa\u00e7\u00e3o foi confirmada nesta segunda-feira (27) pela prefeita Anna Lorena, ao<strong>&nbsp;Blog do Bruno Lira.<\/strong><\/p>\n\n\n\n<p>Foi \u00e0 gest\u00e3o da prefeita Lorena que proporcionou uma grande mudan\u00e7a na estrutura da festa, relocando o palco principal da avenida principal para as imedia\u00e7\u00f5es do \u201cA\u00e7ude da Cidade\u201d.<\/p>\n\n\n\n<p>Em 2019, a Prefeitura montou uma grande estrutura de palco, som, seguran\u00e7a, camarotes, c\u00e2meras de monitoramento e grandes shows, como Wesley Safad\u00e3o, M\u00e1rcia Felipe, Solange Almeida e outras atra\u00e7\u00f5es.<\/p>\n\n\n\n<p>Sobre atra\u00e7\u00f5es para 2020, a prefeita informou que ainda n\u00e3o existe nada confirmado.<\/p>\n\n\n\n<p><strong>S\u00edtio S\u00e3o Francisco<\/strong><\/p>\n\n\n\n<p>O S\u00edtio S\u00e3o Francisco \u00e9 um espa\u00e7o que remete a um vilarejo rural onde se apresenta grupos folcl\u00f3ricos, repentistas e trios de forr\u00f3.<\/p>\n\n\n\n<p><strong>Blog do Bruno Lira<\/strong><\/p>\n","protected":false},"excerpt":{"rendered":"<p>O S\u00e3o Jo\u00e3o de Monteiro, considerado um dos maiores eventos juninos da Para\u00edba, receber\u00e1 em 2020, o mesmo formato da edi\u00e7\u00e3o 2019. A informa\u00e7\u00e3o foi&hellip; <\/p>\n","protected":false},"author":1,"featured_media":149591,"comment_status":"closed","ping_status":"closed","sticky":false,"template":"","format":"standard","meta":{"sfsi_plus_gutenberg_text_before_share":"","sfsi_plus_gutenberg_show_text_before_share":"","sfsi_plus_gutenberg_icon_type":"","sfsi_plus_gutenberg_icon_alignemt":"","sfsi_plus_gutenburg_max_per_row":"","footnotes":""},"categories":[2],"tags":[],"class_list":["post-149590","post","type-post","status-publish","format-standard","has-post-thumbnail","hentry","category-geral"],"_links":{"self":[{"href":"https:\/\/www.caririemacao.com\/1\/wp-json\/wp\/v2\/posts\/149590","targetHints":{"allow":["GET"]}}],"collection":[{"href":"https:\/\/www.caririemacao.com\/1\/wp-json\/wp\/v2\/posts"}],"about":[{"href":"https:\/\/www.caririemacao.com\/1\/wp-json\/wp\/v2\/types\/post"}],"author":[{"embeddable":true,"href":"https:\/\/www.caririemacao.com\/1\/wp-json\/wp\/v2\/users\/1"}],"replies":[{"embeddable":true,"href":"https:\/\/www.caririemacao.com\/1\/wp-json\/wp\/v2\/comments?post=149590"}],"version-history":[{"count":1,"href":"https:\/\/www.caririemacao.com\/1\/wp-json\/wp\/v2\/posts\/149590\/revisions"}],"predecessor-version":[{"id":149592,"href":"https:\/\/www.caririemacao.com\/1\/wp-json\/wp\/v2\/posts\/149590\/revisions\/149592"}],"wp:featuredmedia":[{"embeddable":true,"href":"https:\/\/www.caririemacao.com\/1\/wp-json\/wp\/v2\/media\/149591"}],"wp:attachment":[{"href":"https:\/\/www.caririemacao.com\/1\/wp-json\/wp\/v2\/media?parent=149590"}],"wp:term":[{"taxonomy":"category","embeddable":true,"href":"https:\/\/www.caririemacao.com\/1\/wp-json\/wp\/v2\/categories?post=149590"},{"taxonomy":"post_tag","embeddable":true,"href":"https:\/\/www.caririemacao.com\/1\/wp-json\/wp\/v2\/tags?post=149590"}],"curies":[{"name":"wp","href":"https:\/\/api.w.org\/{rel}","templated":true}]}}