{"id":149597,"date":"2020-01-28T07:24:58","date_gmt":"2020-01-28T10:24:58","guid":{"rendered":"http:\/\/www.caririemacao.com\/1\/?p=149597"},"modified":"2020-01-28T07:24:59","modified_gmt":"2020-01-28T10:24:59","slug":"governo-federal-reforcara-equipes-de-saude-em-todos-municipios-da-paraiba","status":"publish","type":"post","link":"https:\/\/www.caririemacao.com\/1\/2020\/01\/28\/governo-federal-reforcara-equipes-de-saude-em-todos-municipios-da-paraiba\/","title":{"rendered":"Governo Federal refor\u00e7ar\u00e1 equipes de sa\u00fade em todos munic\u00edpios da Para\u00edba"},"content":{"rendered":"\n<p>A sa\u00fade da Para\u00edba receber\u00e1 um novo suporte com o Marco da Aten\u00e7\u00e3o Prim\u00e1ria, projeto institu\u00eddo pelo Governo Federal. Com isso, todos munic\u00edpios paraibanos receber\u00e3o equipes de Sa\u00fade da Fam\u00edlia (eSF) e Sa\u00fade Bucal (eSB). O marco foi criado ainda em 2019,&nbsp;por meio da Portaria n\u00ba 3.566, publicado em dezembro de 2019.<\/p>\n\n\n\n<p>As equipes, que atuar\u00e3o assistindo pacientes do SUS dos munic\u00edpios paraibano, s\u00e3o integradas por m\u00e9dicos, enfermeiros, t\u00e9cnicos ou auxiliares de enfermagem e agentes comunit\u00e1rios de sa\u00fade, dentistas e t\u00e9cnicos ou auxiliares de sa\u00fade bucal. Os profissionais atuar\u00e3o nos servi\u00e7os da Aten\u00e7\u00e3o Prim\u00e1ria, por exemplo, nas Unidades de Sa\u00fade da Fam\u00edlia (USFs).<\/p>\n\n\n\n<p>A proposta do marco \u00e9 que os profissionais atuem nos cuidados \u2018prim\u00e1rios\u2019 da sa\u00fade dos pacientes com o objetivo&nbsp; de atuar pr\u00f3ximo aos cidad\u00e3os e garantir&nbsp;consultas, exames de diagn\u00f3stico, administra\u00e7\u00e3o de vacinas, entre outros cuidados.<\/p>\n\n\n\n<p>Ser\u00e3o 1.461 equipes de Sa\u00fade da Fam\u00edlia (eSF) e&nbsp;1.344 equipes de Sa\u00fade Bucal (eSB) distribu\u00eddos entre os 223 munic\u00edpios do Estado.<\/p>\n\n\n\n<p><em>Mais PB<\/em><\/p>\n","protected":false},"excerpt":{"rendered":"<p>A sa\u00fade da Para\u00edba receber\u00e1 um novo suporte com o Marco da Aten\u00e7\u00e3o Prim\u00e1ria, projeto institu\u00eddo pelo Governo Federal. Com isso, todos munic\u00edpios paraibanos receber\u00e3o&hellip; <\/p>\n","protected":false},"author":1,"featured_media":149598,"comment_status":"closed","ping_status":"closed","sticky":false,"template":"","format":"standard","meta":{"sfsi_plus_gutenberg_text_before_share":"","sfsi_plus_gutenberg_show_text_before_share":"","sfsi_plus_gutenberg_icon_type":"","sfsi_plus_gutenberg_icon_alignemt":"","sfsi_plus_gutenburg_max_per_row":"","footnotes":""},"categories":[2],"tags":[],"class_list":["post-149597","post","type-post","status-publish","format-standard","has-post-thumbnail","hentry","category-geral"],"_links":{"self":[{"href":"https:\/\/www.caririemacao.com\/1\/wp-json\/wp\/v2\/posts\/149597","targetHints":{"allow":["GET"]}}],"collection":[{"href":"https:\/\/www.caririemacao.com\/1\/wp-json\/wp\/v2\/posts"}],"about":[{"href":"https:\/\/www.caririemacao.com\/1\/wp-json\/wp\/v2\/types\/post"}],"author":[{"embeddable":true,"href":"https:\/\/www.caririemacao.com\/1\/wp-json\/wp\/v2\/users\/1"}],"replies":[{"embeddable":true,"href":"https:\/\/www.caririemacao.com\/1\/wp-json\/wp\/v2\/comments?post=149597"}],"version-history":[{"count":1,"href":"https:\/\/www.caririemacao.com\/1\/wp-json\/wp\/v2\/posts\/149597\/revisions"}],"predecessor-version":[{"id":149599,"href":"https:\/\/www.caririemacao.com\/1\/wp-json\/wp\/v2\/posts\/149597\/revisions\/149599"}],"wp:featuredmedia":[{"embeddable":true,"href":"https:\/\/www.caririemacao.com\/1\/wp-json\/wp\/v2\/media\/149598"}],"wp:attachment":[{"href":"https:\/\/www.caririemacao.com\/1\/wp-json\/wp\/v2\/media?parent=149597"}],"wp:term":[{"taxonomy":"category","embeddable":true,"href":"https:\/\/www.caririemacao.com\/1\/wp-json\/wp\/v2\/categories?post=149597"},{"taxonomy":"post_tag","embeddable":true,"href":"https:\/\/www.caririemacao.com\/1\/wp-json\/wp\/v2\/tags?post=149597"}],"curies":[{"name":"wp","href":"https:\/\/api.w.org\/{rel}","templated":true}]}}