{"id":149607,"date":"2020-01-28T08:41:40","date_gmt":"2020-01-28T11:41:40","guid":{"rendered":"http:\/\/www.caririemacao.com\/1\/?p=149607"},"modified":"2020-01-28T08:41:41","modified_gmt":"2020-01-28T11:41:41","slug":"prorrogadas-inscricoes-para-o-pedal-solidario-de-sao-sebastiao-do-umbuzeiro","status":"publish","type":"post","link":"https:\/\/www.caririemacao.com\/1\/2020\/01\/28\/prorrogadas-inscricoes-para-o-pedal-solidario-de-sao-sebastiao-do-umbuzeiro\/","title":{"rendered":"Prorrogadas inscri\u00e7\u00f5es para o PEDAL SOLID\u00c1RIO de S\u00e3o Sebasti\u00e3o do Umbuzeiro"},"content":{"rendered":"\n<p>Quem quer praticar uma atividade saud\u00e1vel e um gesto de solidariedade ao mesmo tempo, tem uma nova oportunidade.<\/p>\n\n\n\n<p><br>Foram prorrogadas as inscri\u00e7\u00f5es para o PEDAL SOLID\u00c1RIO de S\u00e3o Sebasti\u00e3o do Umbuzeiro.<\/p>\n\n\n\n<p><br>O evento tem como objetivo arrecadar recursos para o hospital da FAP e todo o dinheiro das inscri\u00e7\u00f5es, que custam 50 reais ser\u00e1 revertido para este objetivo.<br>As inscri\u00e7\u00f5es ainda podem ser feitas at\u00e9 a pr\u00f3xima quinta feira, 30 pela internet, pelo endere\u00e7o: http:\/\/www.hospitaldafap.org.br\/pedalumbuzeiro<\/p>\n\n\n\n<p><br>O PEDAL SOLID\u00c1RIO DE SS DO UMBUZEIRO \u00e9 uma realiza\u00e7\u00e3o da Prefeitura Municipal, com o apoio do grupo de pedal Na Sombra do Umbuzeiro, Equipe 100 Destino e da FAMUP- Federa\u00e7\u00e3o das associa\u00e7\u00f5es de munic\u00edpios da Para\u00edba.<\/p>\n\n\n\n<p><strong>F\u00c1BIO BRITO<\/strong><\/p>\n","protected":false},"excerpt":{"rendered":"<p>Quem quer praticar uma atividade saud\u00e1vel e um gesto de solidariedade ao mesmo tempo, tem uma nova oportunidade. Foram prorrogadas as inscri\u00e7\u00f5es para o PEDAL&hellip; <\/p>\n","protected":false},"author":1,"featured_media":74409,"comment_status":"closed","ping_status":"closed","sticky":false,"template":"","format":"standard","meta":{"sfsi_plus_gutenberg_text_before_share":"","sfsi_plus_gutenberg_show_text_before_share":"","sfsi_plus_gutenberg_icon_type":"","sfsi_plus_gutenberg_icon_alignemt":"","sfsi_plus_gutenburg_max_per_row":"","footnotes":""},"categories":[6],"tags":[],"class_list":["post-149607","post","type-post","status-publish","format-standard","has-post-thumbnail","hentry","category-cidades"],"_links":{"self":[{"href":"https:\/\/www.caririemacao.com\/1\/wp-json\/wp\/v2\/posts\/149607","targetHints":{"allow":["GET"]}}],"collection":[{"href":"https:\/\/www.caririemacao.com\/1\/wp-json\/wp\/v2\/posts"}],"about":[{"href":"https:\/\/www.caririemacao.com\/1\/wp-json\/wp\/v2\/types\/post"}],"author":[{"embeddable":true,"href":"https:\/\/www.caririemacao.com\/1\/wp-json\/wp\/v2\/users\/1"}],"replies":[{"embeddable":true,"href":"https:\/\/www.caririemacao.com\/1\/wp-json\/wp\/v2\/comments?post=149607"}],"version-history":[{"count":1,"href":"https:\/\/www.caririemacao.com\/1\/wp-json\/wp\/v2\/posts\/149607\/revisions"}],"predecessor-version":[{"id":149609,"href":"https:\/\/www.caririemacao.com\/1\/wp-json\/wp\/v2\/posts\/149607\/revisions\/149609"}],"wp:featuredmedia":[{"embeddable":true,"href":"https:\/\/www.caririemacao.com\/1\/wp-json\/wp\/v2\/media\/74409"}],"wp:attachment":[{"href":"https:\/\/www.caririemacao.com\/1\/wp-json\/wp\/v2\/media?parent=149607"}],"wp:term":[{"taxonomy":"category","embeddable":true,"href":"https:\/\/www.caririemacao.com\/1\/wp-json\/wp\/v2\/categories?post=149607"},{"taxonomy":"post_tag","embeddable":true,"href":"https:\/\/www.caririemacao.com\/1\/wp-json\/wp\/v2\/tags?post=149607"}],"curies":[{"name":"wp","href":"https:\/\/api.w.org\/{rel}","templated":true}]}}